{"id":87850,"date":"2020-05-06T18:00:15","date_gmt":"2020-05-06T21:00:15","guid":{"rendered":"http:\/\/www.locoxelrojo.com\/independiente\/?p=87850"},"modified":"2020-05-07T03:21:07","modified_gmt":"2020-05-07T06:21:07","slug":"el-kun-nunca-se-probo-en-lanus","status":"publish","type":"post","link":"https:\/\/www.locoxelrojo.com\/independiente\/2020\/05\/06\/el-kun-nunca-se-probo-en-lanus\/","title":{"rendered":"\u00bfEl Kun nunca se prob\u00f3 en Lan\u00fas?"},"content":{"rendered":"<p>Luego de que el <strong>Sergio Ag\u00fcero cont\u00f3 la an\u00e9cdota de que<\/strong>, antes de sumarse a las inferiores de Independiente, <a href=\"https:\/\/www.locoxelrojo.com\/independiente\/2020\/05\/06\/la-anecdota-de-aguero-de-su-prueba-en-lanus\/\">fue a una prueba y no lo tomaron en Lan\u00fas<\/a>, <strong>el presidente del f\u00fatbol infantil del Granate, Carlos Barbagallo, lo desminti\u00f3 y dijjo que el Kun jam\u00e1s estuvo el club.<\/strong><\/p>\n<p><strong>&#8220;Es mentira que haya venido a una prueba en Lan\u00fas. \u00c9l jam\u00e1s pis\u00f3 el club&#8221;<\/strong>, sorprendi\u00f3 diciendo Barbagallo en di\u00e1logo con TyC Sports y agreg\u00f3: <strong>&#8220;Es cierto que lo perseguimos al Kun y a su padre, pero esa gente que \u00e9l vio en el baby f\u00fatbol eran dos dirigentes que lo buscaban y jam\u00e1s hac\u00edan pruebas en una cancha. Uno de ellos era yo&#8221;.<\/strong><\/p>\n<p>Luego, en la misma l\u00ednea el dirigente continu\u00f3: <strong>&#8220;Era tan buen jugador que \u00e9l mismo lo dice: jugando de cuatro o de arquero, la agarraba y pasaba a los 11 ida y vuelta dos veces seguidas. As\u00ed que es una ridiculez eso que dijo, como alguna vez dijeron que Maradona se vino a probar y se fue&#8221;.<\/strong><\/p>\n<p><strong>&#8220;No necesita fama el Kun Ag\u00fcero como para decir que en Lan\u00fas no lo quisieron&#8221;,<\/strong> sentenci\u00f3 para finalizar Barbagallo. <strong>\u00bfA qui\u00e9n le creemos?<\/strong><\/p>\n","protected":false},"excerpt":{"rendered":"<p>Luego de que el Sergio Ag\u00fcero cont\u00f3 la an\u00e9cdota de que, antes de sumarse a las inferiores de Independiente, fue a una prueba y no lo tomaron en Lan\u00fas, el presidente del f\u00fatbol infantil del Granate, Carlos Barbagallo, lo desminti\u00f3 y dijjo que el Kun jam\u00e1s estuvo el club. &#8220;Es mentira que haya venido a [&hellip;]<\/p>\n","protected":false},"author":101017,"featured_media":87851,"comment_status":"open","ping_status":"closed","sticky":false,"template":"","format":"standard","meta":{"_links_to":"","_links_to_target":""},"categories":[3280,3247],"tags":[4563,153,4519,62,326],"_links":{"self":[{"href":"https:\/\/www.locoxelrojo.com\/independiente\/wp-json\/wp\/v2\/posts\/87850"}],"collection":[{"href":"https:\/\/www.locoxelrojo.com\/independiente\/wp-json\/wp\/v2\/posts"}],"about":[{"href":"https:\/\/www.locoxelrojo.com\/independiente\/wp-json\/wp\/v2\/types\/post"}],"author":[{"embeddable":true,"href":"https:\/\/www.locoxelrojo.com\/independiente\/wp-json\/wp\/v2\/users\/101017"}],"replies":[{"embeddable":true,"href":"https:\/\/www.locoxelrojo.com\/independiente\/wp-json\/wp\/v2\/comments?post=87850"}],"version-history":[{"count":1,"href":"https:\/\/www.locoxelrojo.com\/independiente\/wp-json\/wp\/v2\/posts\/87850\/revisions"}],"predecessor-version":[{"id":87852,"href":"https:\/\/www.locoxelrojo.com\/independiente\/wp-json\/wp\/v2\/posts\/87850\/revisions\/87852"}],"wp:featuredmedia":[{"embeddable":true,"href":"https:\/\/www.locoxelrojo.com\/independiente\/wp-json\/wp\/v2\/media\/87851"}],"wp:attachment":[{"href":"https:\/\/www.locoxelrojo.com\/independiente\/wp-json\/wp\/v2\/media?parent=87850"}],"wp:term":[{"taxonomy":"category","embeddable":true,"href":"https:\/\/www.locoxelrojo.com\/independiente\/wp-json\/wp\/v2\/categories?post=87850"},{"taxonomy":"post_tag","embeddable":true,"href":"https:\/\/www.locoxelrojo.com\/independiente\/wp-json\/wp\/v2\/tags?post=87850"}],"curies":[{"name":"wp","href":"https:\/\/api.w.org\/{rel}","templated":true}]}}