{"id":87858,"date":"2020-05-07T14:36:19","date_gmt":"2020-05-07T17:36:19","guid":{"rendered":"http:\/\/www.locoxelrojo.com\/independiente\/?p=87858"},"modified":"2020-05-07T18:41:32","modified_gmt":"2020-05-07T21:41:32","slug":"lammens-tambien-se-refirio-a-la-vuelta-del-futbol","status":"publish","type":"post","link":"https:\/\/www.locoxelrojo.com\/independiente\/2020\/05\/07\/lammens-tambien-se-refirio-a-la-vuelta-del-futbol\/","title":{"rendered":"Lammens tambi\u00e9n se refiri\u00f3 a la vuelta del f\u00fatbol"},"content":{"rendered":"<p>Tras los dichos de <a href=\"https:\/\/www.locoxelrojo.com\/independiente\/2020\/05\/06\/la-vuelta-al-futbol-segun-el-chiqui-tapia\/\">Claudio Tapia<\/a> y <a href=\"https:\/\/www.locoxelrojo.com\/independiente\/2020\/05\/06\/alberto-fernandez-se-refirio-al-retorno-del-futbol\/\">Alberto Fern\u00e1ndez<\/a>, <strong>otro de los protagonistas que se refiri\u00f3 a la vuelta del f\u00fatbol fue Mat\u00edas Lammens.<\/strong><\/p>\n<p><strong>&#8220;Hoy la verdad que el escenario para que vuelva el f\u00fatbol uno todav\u00eda siente que es lejano&#8221;<\/strong>, expres\u00f3 el ministro de Turismo y Deportes de la Naci\u00f3n. <strong>&#8220;Seguramente tendr\u00e9 una reuni\u00f3n con Gin\u00e9s Gonz\u00e1lez Garc\u00eda esta semana para trabajar en el protocolo. No s\u00f3lo para el f\u00fatbol, sino tambi\u00e9n para otros deportes que est\u00e1n pidiendo volver a practicar&#8221;<\/strong>, agreg\u00f3.<\/p>\n<p><strong>&#8220;Yo creo que tenemos que estar en condiciones de hacerlo antes de fin de a\u00f1o, no tengo ninguna duda. Hay que ir pensando en la posibilidad de testeos a los jugadores una vez que se normalice todo un poco m\u00e1s&#8221;<\/strong>, cerr\u00f3.<\/p>\n","protected":false},"excerpt":{"rendered":"<p>Tras los dichos de Claudio Tapia y Alberto Fern\u00e1ndez, otro de los protagonistas que se refiri\u00f3 a la vuelta del f\u00fatbol fue Mat\u00edas Lammens. &#8220;Hoy la verdad que el escenario para que vuelva el f\u00fatbol uno todav\u00eda siente que es lejano&#8221;, expres\u00f3 el ministro de Turismo y Deportes de la Naci\u00f3n. &#8220;Seguramente tendr\u00e9 una reuni\u00f3n [&hellip;]<\/p>\n","protected":false},"author":1,"featured_media":87859,"comment_status":"open","ping_status":"closed","sticky":false,"template":"","format":"standard","meta":{"_links_to":"","_links_to_target":""},"categories":[3280,3247],"tags":[1848],"_links":{"self":[{"href":"https:\/\/www.locoxelrojo.com\/independiente\/wp-json\/wp\/v2\/posts\/87858"}],"collection":[{"href":"https:\/\/www.locoxelrojo.com\/independiente\/wp-json\/wp\/v2\/posts"}],"about":[{"href":"https:\/\/www.locoxelrojo.com\/independiente\/wp-json\/wp\/v2\/types\/post"}],"author":[{"embeddable":true,"href":"https:\/\/www.locoxelrojo.com\/independiente\/wp-json\/wp\/v2\/users\/1"}],"replies":[{"embeddable":true,"href":"https:\/\/www.locoxelrojo.com\/independiente\/wp-json\/wp\/v2\/comments?post=87858"}],"version-history":[{"count":1,"href":"https:\/\/www.locoxelrojo.com\/independiente\/wp-json\/wp\/v2\/posts\/87858\/revisions"}],"predecessor-version":[{"id":87860,"href":"https:\/\/www.locoxelrojo.com\/independiente\/wp-json\/wp\/v2\/posts\/87858\/revisions\/87860"}],"wp:featuredmedia":[{"embeddable":true,"href":"https:\/\/www.locoxelrojo.com\/independiente\/wp-json\/wp\/v2\/media\/87859"}],"wp:attachment":[{"href":"https:\/\/www.locoxelrojo.com\/independiente\/wp-json\/wp\/v2\/media?parent=87858"}],"wp:term":[{"taxonomy":"category","embeddable":true,"href":"https:\/\/www.locoxelrojo.com\/independiente\/wp-json\/wp\/v2\/categories?post=87858"},{"taxonomy":"post_tag","embeddable":true,"href":"https:\/\/www.locoxelrojo.com\/independiente\/wp-json\/wp\/v2\/tags?post=87858"}],"curies":[{"name":"wp","href":"https:\/\/api.w.org\/{rel}","templated":true}]}}