{"id":88051,"date":"2020-05-21T22:00:02","date_gmt":"2020-05-22T01:00:02","guid":{"rendered":"http:\/\/www.locoxelrojo.com\/independiente\/?p=88051"},"modified":"2020-05-22T04:39:19","modified_gmt":"2020-05-22T07:39:19","slug":"se-tatuo-la-copa","status":"publish","type":"post","link":"https:\/\/www.locoxelrojo.com\/independiente\/2020\/05\/21\/se-tatuo-la-copa\/","title":{"rendered":"Se tatu\u00f3 la Copa"},"content":{"rendered":"<p><strong>Esequiel Barco<\/strong> mostr\u00f3 en sus redes sociales una nueva marca que llevar\u00e1 en la piel por toda la vida y <strong>se trata nada m\u00e1s y nada menos que la Copa Sudamericana 2017 conquistada en el Maracan\u00e1.<\/strong><\/p>\n<p><strong>El ex delantero de Independiente se ilustr\u00f3 el trofeo que alz\u00f3 en suelo brasilero, donde anot\u00f3 el tanto del Rojo de penal y silenci\u00f3 a miles de hinchas del Flamengo.<\/strong> El lugar elegido fue al costado de una de sus piernas.<\/p>\n<p>El surgido en el Rey de Copas <strong>ya se hab\u00eda tatuado la fecha de aquella noche m\u00e1gica y ahora tiene la copa para que el recuerdo sea completo.<\/strong><\/p>\n<p><img class=\"aligncenter\" src=\"https:\/\/www.infiernorojo.com\/independiente\/imagenes\/2020\/05\/WhatsApp-Image-2020-05-21-at-17.38.04-341x600.jpeg\" \/><\/p>\n<p><img class=\"aligncenter\" src=\"https:\/\/www.infiernorojo.com\/independiente\/imagenes\/2020\/05\/EQxqVUbXsAAqpjm-340x600-1.jpg\" \/><\/p>\n<p><iframe loading=\"lazy\" src=\"https:\/\/www.youtube.com\/embed\/qNSGr4dSAec\" width=\"560\" height=\"315\" frameborder=\"0\" allowfullscreen=\"allowfullscreen\"><\/iframe><\/p>\n","protected":false},"excerpt":{"rendered":"<p>Esequiel Barco mostr\u00f3 en sus redes sociales una nueva marca que llevar\u00e1 en la piel por toda la vida y se trata nada m\u00e1s y nada menos que la Copa Sudamericana 2017 conquistada en el Maracan\u00e1. El ex delantero de Independiente se ilustr\u00f3 el trofeo que alz\u00f3 en suelo brasilero, donde anot\u00f3 el tanto del [&hellip;]<\/p>\n","protected":false},"author":101017,"featured_media":88056,"comment_status":"open","ping_status":"closed","sticky":false,"template":"","format":"standard","meta":{"_links_to":"","_links_to_target":""},"categories":[3247,3363],"tags":[153,3347,4569,3452],"_links":{"self":[{"href":"https:\/\/www.locoxelrojo.com\/independiente\/wp-json\/wp\/v2\/posts\/88051"}],"collection":[{"href":"https:\/\/www.locoxelrojo.com\/independiente\/wp-json\/wp\/v2\/posts"}],"about":[{"href":"https:\/\/www.locoxelrojo.com\/independiente\/wp-json\/wp\/v2\/types\/post"}],"author":[{"embeddable":true,"href":"https:\/\/www.locoxelrojo.com\/independiente\/wp-json\/wp\/v2\/users\/101017"}],"replies":[{"embeddable":true,"href":"https:\/\/www.locoxelrojo.com\/independiente\/wp-json\/wp\/v2\/comments?post=88051"}],"version-history":[{"count":3,"href":"https:\/\/www.locoxelrojo.com\/independiente\/wp-json\/wp\/v2\/posts\/88051\/revisions"}],"predecessor-version":[{"id":88058,"href":"https:\/\/www.locoxelrojo.com\/independiente\/wp-json\/wp\/v2\/posts\/88051\/revisions\/88058"}],"wp:featuredmedia":[{"embeddable":true,"href":"https:\/\/www.locoxelrojo.com\/independiente\/wp-json\/wp\/v2\/media\/88056"}],"wp:attachment":[{"href":"https:\/\/www.locoxelrojo.com\/independiente\/wp-json\/wp\/v2\/media?parent=88051"}],"wp:term":[{"taxonomy":"category","embeddable":true,"href":"https:\/\/www.locoxelrojo.com\/independiente\/wp-json\/wp\/v2\/categories?post=88051"},{"taxonomy":"post_tag","embeddable":true,"href":"https:\/\/www.locoxelrojo.com\/independiente\/wp-json\/wp\/v2\/tags?post=88051"}],"curies":[{"name":"wp","href":"https:\/\/api.w.org\/{rel}","templated":true}]}}