{"id":88069,"date":"2020-05-25T20:15:46","date_gmt":"2020-05-25T23:15:46","guid":{"rendered":"http:\/\/www.locoxelrojo.com\/independiente\/?p=88069"},"modified":"2020-05-26T05:04:43","modified_gmt":"2020-05-26T08:04:43","slug":"grinbank-se-manfiesto-a-favor-de-la-ida-de-ritondo","status":"publish","type":"post","link":"https:\/\/www.locoxelrojo.com\/independiente\/2020\/05\/25\/grinbank-se-manfiesto-a-favor-de-la-ida-de-ritondo\/","title":{"rendered":"Grinbank se manfiest\u00f3 a favor de la idea de Ritondo"},"content":{"rendered":"<p><strong>A falta de un a\u00f1o y medio de las elecciones presidenciales en Independiente<\/strong>, ya comienzan a surgir los candidatos de otras agrupaciones que querr\u00e1n ocupar la actual posici\u00f3n de Hugo Moyano y <strong>Daniel Grinbank vio con buenos ojos la de un posible candidato.<\/strong><\/p>\n<p>El integrante de la Agrupaci\u00f3n Puro Sentimiento Rojo se expres\u00f3 a favor de los <a href=\"https:\/\/www.locoxelrojo.com\/independiente\/2020\/05\/25\/ritondo-y-una-potencial-postulacion-a-la-presidencia\/\">dichos de Cristian Ritondo<\/a> <strong>con respecto a una potencial formaci\u00f3n de un partido pol\u00edtico para postularse a la presidencia del Rojo y el grupo de personas que lo formar\u00eda, adem\u00e1s de su manera de trabajar.<\/strong><\/p>\n<blockquote class=\"twitter-tweet\">\n<p dir=\"ltr\" lang=\"es\">Q Buenos nombres sugiere <a href=\"https:\/\/twitter.com\/cristianritondo?ref_src=twsrc%5Etfw\">@cristianritondo<\/a> para acercar a la vida pol\u00edtica de Independiente. Sin lugar a duda de involucrarse esas personas ser\u00e1n un salto de calidad para el club frente a quienes hoy nos gobiernan. <a href=\"https:\/\/t.co\/pYfcvwxUj5\">https:\/\/t.co\/pYfcvwxUj5<\/a><\/p>\n<p>\u2014 Daniel Grinbank (@GrinbankDaniel) <a href=\"https:\/\/twitter.com\/GrinbankDaniel\/status\/1264758209274957827?ref_src=twsrc%5Etfw\">May 25, 2020<\/a><\/p><\/blockquote>\n<p><script async src=\"https:\/\/platform.twitter.com\/widgets.js\" charset=\"utf-8\"><\/script><\/p>\n","protected":false},"excerpt":{"rendered":"<p>A falta de un a\u00f1o y medio de las elecciones presidenciales en Independiente, ya comienzan a surgir los candidatos de otras agrupaciones que querr\u00e1n ocupar la actual posici\u00f3n de Hugo Moyano y Daniel Grinbank vio con buenos ojos la de un posible candidato. El integrante de la Agrupaci\u00f3n Puro Sentimiento Rojo se expres\u00f3 a favor [&hellip;]<\/p>\n","protected":false},"author":101017,"featured_media":80450,"comment_status":"open","ping_status":"closed","sticky":false,"template":"","format":"standard","meta":{"_links_to":"","_links_to_target":""},"categories":[3280,3247],"tags":[153,1443,104,4519],"_links":{"self":[{"href":"https:\/\/www.locoxelrojo.com\/independiente\/wp-json\/wp\/v2\/posts\/88069"}],"collection":[{"href":"https:\/\/www.locoxelrojo.com\/independiente\/wp-json\/wp\/v2\/posts"}],"about":[{"href":"https:\/\/www.locoxelrojo.com\/independiente\/wp-json\/wp\/v2\/types\/post"}],"author":[{"embeddable":true,"href":"https:\/\/www.locoxelrojo.com\/independiente\/wp-json\/wp\/v2\/users\/101017"}],"replies":[{"embeddable":true,"href":"https:\/\/www.locoxelrojo.com\/independiente\/wp-json\/wp\/v2\/comments?post=88069"}],"version-history":[{"count":2,"href":"https:\/\/www.locoxelrojo.com\/independiente\/wp-json\/wp\/v2\/posts\/88069\/revisions"}],"predecessor-version":[{"id":88071,"href":"https:\/\/www.locoxelrojo.com\/independiente\/wp-json\/wp\/v2\/posts\/88069\/revisions\/88071"}],"wp:featuredmedia":[{"embeddable":true,"href":"https:\/\/www.locoxelrojo.com\/independiente\/wp-json\/wp\/v2\/media\/80450"}],"wp:attachment":[{"href":"https:\/\/www.locoxelrojo.com\/independiente\/wp-json\/wp\/v2\/media?parent=88069"}],"wp:term":[{"taxonomy":"category","embeddable":true,"href":"https:\/\/www.locoxelrojo.com\/independiente\/wp-json\/wp\/v2\/categories?post=88069"},{"taxonomy":"post_tag","embeddable":true,"href":"https:\/\/www.locoxelrojo.com\/independiente\/wp-json\/wp\/v2\/tags?post=88069"}],"curies":[{"name":"wp","href":"https:\/\/api.w.org\/{rel}","templated":true}]}}