{"id":88128,"date":"2020-06-02T17:20:43","date_gmt":"2020-06-02T20:20:43","guid":{"rendered":"http:\/\/www.locoxelrojo.com\/independiente\/?p=88128"},"modified":"2020-09-03T00:04:14","modified_gmt":"2020-09-03T03:04:14","slug":"cuanto-sabe-facundo-parra-de-su-paso-por-el-rojo","status":"publish","type":"post","link":"https:\/\/www.locoxelrojo.com\/independiente\/2020\/06\/02\/cuanto-sabe-facundo-parra-de-su-paso-por-el-rojo\/","title":{"rendered":"\u00bfCu\u00e1nto sabe Facundo Parra de su paso por el Rojo?"},"content":{"rendered":"<p>Incorporamos una nueva secci\u00f3n a <strong>LocoXelRojo<\/strong>. A lo largo de este ciclo de entrevistas probaremos la memoria de ex Independiente y le haremos preguntas sobre su paso por el club.<\/p>\n<p><strong>Facundo Parra<\/strong>, quien tuvo dos ciclos en el Rey de Copas, fue el primero en pasar por la secci\u00f3n y aprob\u00f3 el examen.<\/p>\n<p>Repas\u00e1 lo mejor que dej\u00f3 la charla con el delantero que actualmente juega en All Boys.<\/p>\n<p><iframe loading=\"lazy\" src=\"https:\/\/www.youtube.com\/embed\/CaSXfw70rWg\" width=\"560\" height=\"315\" frameborder=\"0\" allowfullscreen=\"allowfullscreen\"><\/iframe><\/p>\n","protected":false},"excerpt":{"rendered":"<p>Incorporamos una nueva secci\u00f3n a LocoXelRojo. A lo largo de este ciclo de entrevistas probaremos la memoria de ex Independiente y le haremos preguntas sobre su paso por el club. Facundo Parra, quien tuvo dos ciclos en el Rey de Copas, fue el primero en pasar por la secci\u00f3n y aprob\u00f3 el examen. Repas\u00e1 lo [&hellip;]<\/p>\n","protected":false},"author":19,"featured_media":89551,"comment_status":"open","ping_status":"closed","sticky":false,"template":"","format":"standard","meta":{"_links_to":"","_links_to_target":""},"categories":[3261,3247],"tags":[4575,153,36,3219],"_links":{"self":[{"href":"https:\/\/www.locoxelrojo.com\/independiente\/wp-json\/wp\/v2\/posts\/88128"}],"collection":[{"href":"https:\/\/www.locoxelrojo.com\/independiente\/wp-json\/wp\/v2\/posts"}],"about":[{"href":"https:\/\/www.locoxelrojo.com\/independiente\/wp-json\/wp\/v2\/types\/post"}],"author":[{"embeddable":true,"href":"https:\/\/www.locoxelrojo.com\/independiente\/wp-json\/wp\/v2\/users\/19"}],"replies":[{"embeddable":true,"href":"https:\/\/www.locoxelrojo.com\/independiente\/wp-json\/wp\/v2\/comments?post=88128"}],"version-history":[{"count":3,"href":"https:\/\/www.locoxelrojo.com\/independiente\/wp-json\/wp\/v2\/posts\/88128\/revisions"}],"predecessor-version":[{"id":88140,"href":"https:\/\/www.locoxelrojo.com\/independiente\/wp-json\/wp\/v2\/posts\/88128\/revisions\/88140"}],"wp:featuredmedia":[{"embeddable":true,"href":"https:\/\/www.locoxelrojo.com\/independiente\/wp-json\/wp\/v2\/media\/89551"}],"wp:attachment":[{"href":"https:\/\/www.locoxelrojo.com\/independiente\/wp-json\/wp\/v2\/media?parent=88128"}],"wp:term":[{"taxonomy":"category","embeddable":true,"href":"https:\/\/www.locoxelrojo.com\/independiente\/wp-json\/wp\/v2\/categories?post=88128"},{"taxonomy":"post_tag","embeddable":true,"href":"https:\/\/www.locoxelrojo.com\/independiente\/wp-json\/wp\/v2\/tags?post=88128"}],"curies":[{"name":"wp","href":"https:\/\/api.w.org\/{rel}","templated":true}]}}