{"id":88156,"date":"2020-06-03T18:55:52","date_gmt":"2020-06-03T21:55:52","guid":{"rendered":"http:\/\/www.locoxelrojo.com\/independiente\/?p=88156"},"modified":"2020-06-03T18:55:52","modified_gmt":"2020-06-03T21:55:52","slug":"cada-vez-mas-lejos","status":"publish","type":"post","link":"https:\/\/www.locoxelrojo.com\/independiente\/2020\/06\/03\/cada-vez-mas-lejos\/","title":{"rendered":"\u00bfCada vez m\u00e1s lejos?"},"content":{"rendered":"<p><strong>El contrato de Leandro Fern\u00e1ndez e Independiente finaliza el 30 de junio, desde el Rojo intentaron retomar las negociaciones, pero el delantero sigue firme pidiendo una mejora salarial.<\/strong> \u00bfComienza a alejarse?<\/p>\n<p>A fin de mes vence el v\u00ednculo de Fern\u00e1ndez y en los \u00faltimos d\u00edas los dirigentes de Independiente trataron de generar una extensi\u00f3n de su contrato, sin embargo, no tuvieron \u00e9xito. <strong>&#8220;Yoyo Maldonado me llam\u00f3 hace dos d\u00edas para extender por seis meses m\u00e1s, pero nosotros tenemos nuestras pretensiones\u201d<\/strong>, expres\u00f3 su representante Christian Bragarnik. <strong>&#8220;El jugador quiere una compensaci\u00f3n salarial, pero m\u00e1s all\u00e1 de lo que pase el 30 de junio, con Leandro tomamos el compromiso de darle prioridad a Independiente, porque fue el club que le dio trabajo durante cuatro a\u00f1os y medio, y es lo m\u00ednimo que se merece&#8221;<\/strong>, agreg\u00f3.<\/p>\n<p>Fern\u00e1ndez integra <a href=\"https:\/\/www.locoxelrojo.com\/independiente\/2020\/05\/28\/los-que-llegaron-a-un-acuerdo\/\">la lista de jugadores que esta en un conflicto salarial con el club<\/a>, y cuya deuda debe saldarse antes del 10 de junio. <strong>Si bien el club quiere la continuidad del delantero, no est\u00e1 en condiciones de pagar dicho aumento, adem\u00e1s, la idea es bajar el presupuesto del plantel entre un 30% y 40%<\/strong>.<\/p>\n<p><strong>\u201cPareciera que Leandro es un desagradecido y eso no es as\u00ed. Termina su contrato y cuando pasa eso evalu\u00e1s si seguir o no&#8221;<\/strong>, cerr\u00f3 el di\u00e1logo con TyC Sports. <strong>Todo parece indicar que el delantero terminar\u00e1 con el pase en su poder.<\/strong><\/p>\n","protected":false},"excerpt":{"rendered":"<p>El contrato de Leandro Fern\u00e1ndez e Independiente finaliza el 30 de junio, desde el Rojo intentaron retomar las negociaciones, pero el delantero sigue firme pidiendo una mejora salarial. \u00bfComienza a alejarse? A fin de mes vence el v\u00ednculo de Fern\u00e1ndez y en los \u00faltimos d\u00edas los dirigentes de Independiente trataron de generar una extensi\u00f3n de [&hellip;]<\/p>\n","protected":false},"author":1,"featured_media":86938,"comment_status":"open","ping_status":"closed","sticky":false,"template":"","format":"standard","meta":{"_links_to":"","_links_to_target":""},"categories":[3280,3247],"tags":[4511,2921],"_links":{"self":[{"href":"https:\/\/www.locoxelrojo.com\/independiente\/wp-json\/wp\/v2\/posts\/88156"}],"collection":[{"href":"https:\/\/www.locoxelrojo.com\/independiente\/wp-json\/wp\/v2\/posts"}],"about":[{"href":"https:\/\/www.locoxelrojo.com\/independiente\/wp-json\/wp\/v2\/types\/post"}],"author":[{"embeddable":true,"href":"https:\/\/www.locoxelrojo.com\/independiente\/wp-json\/wp\/v2\/users\/1"}],"replies":[{"embeddable":true,"href":"https:\/\/www.locoxelrojo.com\/independiente\/wp-json\/wp\/v2\/comments?post=88156"}],"version-history":[{"count":1,"href":"https:\/\/www.locoxelrojo.com\/independiente\/wp-json\/wp\/v2\/posts\/88156\/revisions"}],"predecessor-version":[{"id":88157,"href":"https:\/\/www.locoxelrojo.com\/independiente\/wp-json\/wp\/v2\/posts\/88156\/revisions\/88157"}],"wp:featuredmedia":[{"embeddable":true,"href":"https:\/\/www.locoxelrojo.com\/independiente\/wp-json\/wp\/v2\/media\/86938"}],"wp:attachment":[{"href":"https:\/\/www.locoxelrojo.com\/independiente\/wp-json\/wp\/v2\/media?parent=88156"}],"wp:term":[{"taxonomy":"category","embeddable":true,"href":"https:\/\/www.locoxelrojo.com\/independiente\/wp-json\/wp\/v2\/categories?post=88156"},{"taxonomy":"post_tag","embeddable":true,"href":"https:\/\/www.locoxelrojo.com\/independiente\/wp-json\/wp\/v2\/tags?post=88156"}],"curies":[{"name":"wp","href":"https:\/\/api.w.org\/{rel}","templated":true}]}}