{"id":88184,"date":"2020-06-06T17:28:56","date_gmt":"2020-06-06T20:28:56","guid":{"rendered":"http:\/\/www.locoxelrojo.com\/independiente\/?p=88184"},"modified":"2020-06-06T17:30:41","modified_gmt":"2020-06-06T20:30:41","slug":"jorge-burruchaga-hablo-sobre-el-rearmado-del-plantel","status":"publish","type":"post","link":"https:\/\/www.locoxelrojo.com\/independiente\/2020\/06\/06\/jorge-burruchaga-hablo-sobre-el-rearmado-del-plantel\/","title":{"rendered":"Jorge Burruchaga habl\u00f3 sobre el rearmado del plantel"},"content":{"rendered":"<p><strong>Jorge Burruchaga, m\u00e1nager de Independiente, habl\u00f3 sobre el rearmado del plantel profesional de cara al la vuelta del f\u00fatbol.<\/strong><\/p>\n<p>Tras varios meses oculto de la escena medi\u00e1tica, Burruchaga rompi\u00f3 el silencio y reapareci\u00f3 en Radio La Red contando sus ideas para el Independiente que viene, aunque en primer lugar cont\u00f3 c\u00f3mo est\u00e1 el conflicto salarial:<strong> &#8220;El primer paso se est\u00e1 dando y los jugadores firmaron el acuerdo. Incluso Mart\u00edn Campa\u00f1a termin\u00f3 arreglando y este mi\u00e9rcoles les abonar\u00e1n a todos&#8221;<\/strong>.<\/p>\n<p>Luego, se refiri\u00f3 puntualmente <a href=\"https:\/\/www.locoxelrojo.com\/independiente\/2020\/05\/26\/libre\/\">al caso Gast\u00f3n Silva<\/a>: <strong>&#8220;A \u00faltimo momento, de forma particular, hizo un reclamo, pero yo no me puedo meter en lo jur\u00eddico. La idea es volver a charlar con \u00e9l, para que se alinee con los dem\u00e1s compa\u00f1eros. Es un capital del club que no queremos perder&#8221;<\/strong>. Tambi\u00e9n hizo hincapi\u00e9 en <a href=\"https:\/\/www.locoxelrojo.com\/independiente\/2020\/06\/05\/deportivo-cali-reclama-una-deuda-del-pase-de-roa\/\">la situaci\u00f3n de Andr\u00e9s Roa<\/a>: <strong>&#8220;Estamos charlando y la intenci\u00f3n es que siga en el club&#8221;<\/strong>.<\/p>\n<p>En cu\u00e1nto a <a href=\"https:\/\/www.locoxelrojo.com\/independiente\/2020\/06\/03\/cada-vez-mas-lejos\/\">Leandro Fern\u00e1ndez<\/a>, fue m\u00e1s cauto: <strong>&#8220;Se fue a pr\u00e9stamo a V\u00e9lez y no se le prolong\u00f3 el contrato. Hoy est\u00e1n tratando de convencerlo, pero es una discusi\u00f3n que empez\u00f3 antes de que yo llegara. Las dos partes tienen que estar conformes para llegar a un acuerdo y ojal\u00e1 que se d\u00e9&#8221;<\/strong>.<\/p>\n<p>Pensando en lo que viene, expres\u00f3: <strong>&#8220;Cuando llegu\u00e9 expres\u00e9 que a los dos meses har\u00eda una evaluaci\u00f3n, al igual que Lucas Pusineri sobre lo que ve del plantel, que tiene y lo que va a necesitar. Tenemos que manejar un mejor presupuesto, m\u00e1s cuando quer\u00e9s retomar la senda de poder pagar lo que se firma&#8221;<\/strong>.<\/p>\n<p><strong>&#8220;Tengo una gran relaci\u00f3n y amistad con Pusineri, lo tuve como jugador. El entrenador es \u00e9l y va a seguir siendo \u00e9l. Estamos en contacto una vez por semana. Vamos a apuntar a hacer lo m\u00e1ximo en la Copa Sudamericana y tambi\u00e9n tener el equipo m\u00e1s competitivo dentro del presupuesto que se determine. De a poco vamos a ir mejorando, no es de un d\u00eda para el otro, tenemos que ir de a poco&#8221;<\/strong>, cerr\u00f3.<\/p>\n","protected":false},"excerpt":{"rendered":"<p>Jorge Burruchaga, m\u00e1nager de Independiente, habl\u00f3 sobre el rearmado del plantel profesional de cara al la vuelta del f\u00fatbol. Tras varios meses oculto de la escena medi\u00e1tica, Burruchaga rompi\u00f3 el silencio y reapareci\u00f3 en Radio La Red contando sus ideas para el Independiente que viene, aunque en primer lugar cont\u00f3 c\u00f3mo est\u00e1 el conflicto salarial: [&hellip;]<\/p>\n","protected":false},"author":1,"featured_media":87302,"comment_status":"open","ping_status":"closed","sticky":false,"template":"","format":"standard","meta":{"_links_to":"","_links_to_target":""},"categories":[3247,3],"tags":[4267,3557,1580,2921,145,3126],"_links":{"self":[{"href":"https:\/\/www.locoxelrojo.com\/independiente\/wp-json\/wp\/v2\/posts\/88184"}],"collection":[{"href":"https:\/\/www.locoxelrojo.com\/independiente\/wp-json\/wp\/v2\/posts"}],"about":[{"href":"https:\/\/www.locoxelrojo.com\/independiente\/wp-json\/wp\/v2\/types\/post"}],"author":[{"embeddable":true,"href":"https:\/\/www.locoxelrojo.com\/independiente\/wp-json\/wp\/v2\/users\/1"}],"replies":[{"embeddable":true,"href":"https:\/\/www.locoxelrojo.com\/independiente\/wp-json\/wp\/v2\/comments?post=88184"}],"version-history":[{"count":3,"href":"https:\/\/www.locoxelrojo.com\/independiente\/wp-json\/wp\/v2\/posts\/88184\/revisions"}],"predecessor-version":[{"id":88187,"href":"https:\/\/www.locoxelrojo.com\/independiente\/wp-json\/wp\/v2\/posts\/88184\/revisions\/88187"}],"wp:featuredmedia":[{"embeddable":true,"href":"https:\/\/www.locoxelrojo.com\/independiente\/wp-json\/wp\/v2\/media\/87302"}],"wp:attachment":[{"href":"https:\/\/www.locoxelrojo.com\/independiente\/wp-json\/wp\/v2\/media?parent=88184"}],"wp:term":[{"taxonomy":"category","embeddable":true,"href":"https:\/\/www.locoxelrojo.com\/independiente\/wp-json\/wp\/v2\/categories?post=88184"},{"taxonomy":"post_tag","embeddable":true,"href":"https:\/\/www.locoxelrojo.com\/independiente\/wp-json\/wp\/v2\/tags?post=88184"}],"curies":[{"name":"wp","href":"https:\/\/api.w.org\/{rel}","templated":true}]}}