{"id":88249,"date":"2020-06-12T16:04:34","date_gmt":"2020-06-12T19:04:34","guid":{"rendered":"http:\/\/www.locoxelrojo.com\/independiente\/?p=88249"},"modified":"2020-06-12T16:04:34","modified_gmt":"2020-06-12T19:04:34","slug":"p-moyano-no-vamos-a-quebrar-al-club-ni-mandarlo-a-la-b","status":"publish","type":"post","link":"https:\/\/www.locoxelrojo.com\/independiente\/2020\/06\/12\/p-moyano-no-vamos-a-quebrar-al-club-ni-mandarlo-a-la-b\/","title":{"rendered":"P. Moyano: &#8220;No vamos a quebrar al club ni mandarlo a la B&#8221;"},"content":{"rendered":"<p>El Vicepresidente de Independiente tom\u00f3 la palabra y aclar\u00f3 varias situaciones puntuales que tuvieron al mal traer al Rojo en estos \u00faltimos meses: <strong>la situaci\u00f3n econ\u00f3mica, las deudas con el plantel, la actualidad de los uruguayos, el trabajo de Burruchaga y su proyecci\u00f3n a futuro.<\/strong><\/p>\n<p><strong>&#8220;Todos los clubes necesitan vender para equilibrar sus finanzas. Todav\u00eda no tuvimos ninguna oferta. Los jugadores quieren hacer su diferencia econ\u00f3mica en el exterior, pero por ahora no lleg\u00f3 nada&#8221;,<\/strong> comenz\u00f3 diciendo el dirigente con respecto a las arcas de la instituci\u00f3n y se sincer\u00f3: <strong>&#8220;Hemos cometido errores, los dirigentes junto con los DTs, por haber tra\u00eddo algunos jugadores que no rindieron, pero tambi\u00e9n llegaron otros con los que salimos campeones dos veces&#8221;.<\/strong><\/p>\n<p>Adem\u00e1s, tras haber saldado lo adeudado con el plantel profesional, Moyano dijo: <strong>&#8220;Ahora se ver\u00e1n las manos del Manager y el DT para saber a qu\u00e9 jugadores va a utilizar, de qui\u00e9nes va a prescindir y a qu\u00e9 refuerzos necesitar\u00e1. Estamos convencidos que el trabajo de Jorge Burruchaga en cada categor\u00eda nos ayudar\u00e1 a que Independiente se acomode&#8221;.<\/strong><\/p>\n<p>Luego, sobre la situaci\u00f3n de Gast\u00f3n Silva y Mart\u00edn Campa\u00f1a, asegur\u00f3:: <strong>&#8220;Con Gast\u00f3n Silva se ha judicializado el conflicto. Su error fue declararse libre enviando una carta desde el exterior, cuando el contrato de trabajo de Argentina es distinto. Pero se iniciaron charlas para que la situaci\u00f3n se soluciones, el jugador reflexione y se pueda llegar a un acuerdo. Sigue siendo jugador de Independiente\u201d.<\/strong><\/p>\n<p>Por su parte, <strong>&#8220;Mart\u00edn Campa\u00f1a ha demostrado ser un arquero que defendi\u00f3 el arco de Independiente y rindi\u00f3 en partidos dif\u00edciles. Errores tuvimos, pero no somos ni buchones ni vigilantes. Yo defiendo a los trabajadores y no me gusta decir cu\u00e1nto ganan. Entiendo la calentura de Campa\u00f1a, pero no s\u00e9 c\u00f3mo se habr\u00e1 filtrado su carta&#8221;.<\/strong><\/p>\n<p><strong>&#8220;Hay deudas que no han vencido y tambi\u00e9n tenemos deudas por cobrar desde Brasil y M\u00e9xico. Qu\u00e9dense tranquilos que no vamos a quebrar al club ni a mandarlo a la B&#8221;,<\/strong> concluy\u00f3 Pablo Moyano en di\u00e1logo con La Oral Deportiva.<\/p>\n","protected":false},"excerpt":{"rendered":"<p>El Vicepresidente de Independiente tom\u00f3 la palabra y aclar\u00f3 varias situaciones puntuales que tuvieron al mal traer al Rojo en estos \u00faltimos meses: la situaci\u00f3n econ\u00f3mica, las deudas con el plantel, la actualidad de los uruguayos, el trabajo de Burruchaga y su proyecci\u00f3n a futuro. &#8220;Todos los clubes necesitan vender para equilibrar sus finanzas. Todav\u00eda [&hellip;]<\/p>\n","protected":false},"author":101017,"featured_media":87290,"comment_status":"open","ping_status":"closed","sticky":false,"template":"","format":"standard","meta":{"_links_to":"","_links_to_target":""},"categories":[3280,3247],"tags":[153,4519,439],"_links":{"self":[{"href":"https:\/\/www.locoxelrojo.com\/independiente\/wp-json\/wp\/v2\/posts\/88249"}],"collection":[{"href":"https:\/\/www.locoxelrojo.com\/independiente\/wp-json\/wp\/v2\/posts"}],"about":[{"href":"https:\/\/www.locoxelrojo.com\/independiente\/wp-json\/wp\/v2\/types\/post"}],"author":[{"embeddable":true,"href":"https:\/\/www.locoxelrojo.com\/independiente\/wp-json\/wp\/v2\/users\/101017"}],"replies":[{"embeddable":true,"href":"https:\/\/www.locoxelrojo.com\/independiente\/wp-json\/wp\/v2\/comments?post=88249"}],"version-history":[{"count":1,"href":"https:\/\/www.locoxelrojo.com\/independiente\/wp-json\/wp\/v2\/posts\/88249\/revisions"}],"predecessor-version":[{"id":88250,"href":"https:\/\/www.locoxelrojo.com\/independiente\/wp-json\/wp\/v2\/posts\/88249\/revisions\/88250"}],"wp:featuredmedia":[{"embeddable":true,"href":"https:\/\/www.locoxelrojo.com\/independiente\/wp-json\/wp\/v2\/media\/87290"}],"wp:attachment":[{"href":"https:\/\/www.locoxelrojo.com\/independiente\/wp-json\/wp\/v2\/media?parent=88249"}],"wp:term":[{"taxonomy":"category","embeddable":true,"href":"https:\/\/www.locoxelrojo.com\/independiente\/wp-json\/wp\/v2\/categories?post=88249"},{"taxonomy":"post_tag","embeddable":true,"href":"https:\/\/www.locoxelrojo.com\/independiente\/wp-json\/wp\/v2\/tags?post=88249"}],"curies":[{"name":"wp","href":"https:\/\/api.w.org\/{rel}","templated":true}]}}