{"id":88251,"date":"2020-06-12T16:18:10","date_gmt":"2020-06-12T19:18:10","guid":{"rendered":"http:\/\/www.locoxelrojo.com\/independiente\/?p=88251"},"modified":"2020-06-12T16:18:10","modified_gmt":"2020-06-12T19:18:10","slug":"el-negro-gomez-no-seguira-a-cargo-de-la-reserva","status":"publish","type":"post","link":"https:\/\/www.locoxelrojo.com\/independiente\/2020\/06\/12\/el-negro-gomez-no-seguira-a-cargo-de-la-reserva\/","title":{"rendered":"El Negro G\u00f3mez no seguir\u00e1 a cargo de la Reserva"},"content":{"rendered":"<p>Si bien aun no fue comunicado de manera oficial, <strong>el actual director t\u00e9cnico de la Reserva de Independiente no seguir\u00e1 en su cargo por decisi\u00f3n del m\u00e1nager del club, Jorge Burruchaga.<\/strong><\/p>\n<p><strong>El Negro no encaja en el proyecto integral que present\u00f3 el ex jugador del Rojo a los dirigentes<\/strong>, quienes aceptaron la medida y respaldaron a Burruchaga. As\u00ed, <strong>tras una buen trabajo hecho por G\u00f3mez, donde pele\u00f3 hasta el final el campeonato de la categor\u00eda y promovi\u00f3 varios juveniles que se encuentran trabajando actualmente en Primera Divisi\u00f3n, habr\u00e1 que buscar otro DT.<\/strong><\/p>\n<p>El entrenador hab\u00eda llegado al club junto a Sebasti\u00e1n Beccacece. <strong>Finaliz\u00f3 segundo el torneo, qued\u00e1ndose sin varios jugadores en el tramo final ya que ascendieron para ser tenidos en cuenta por Lucas Pusineri como Alan Velasco, Braian Mart\u00ednez, Alan So\u00f1ora, entre otros.<\/strong> Su continuidad era una cuesti\u00f3n que se ven\u00eda postergando y sin una resoluci\u00f3n hasta que se dio a conocer que no seguir\u00e1 en el Rey de Copas.<\/p>\n","protected":false},"excerpt":{"rendered":"<p>Si bien aun no fue comunicado de manera oficial, el actual director t\u00e9cnico de la Reserva de Independiente no seguir\u00e1 en su cargo por decisi\u00f3n del m\u00e1nager del club, Jorge Burruchaga. El Negro no encaja en el proyecto integral que present\u00f3 el ex jugador del Rojo a los dirigentes, quienes aceptaron la medida y respaldaron [&hellip;]<\/p>\n","protected":false},"author":101017,"featured_media":85545,"comment_status":"open","ping_status":"closed","sticky":false,"template":"","format":"standard","meta":{"_links_to":"","_links_to_target":""},"categories":[3280,3247],"tags":[153,1580,4286,3270],"_links":{"self":[{"href":"https:\/\/www.locoxelrojo.com\/independiente\/wp-json\/wp\/v2\/posts\/88251"}],"collection":[{"href":"https:\/\/www.locoxelrojo.com\/independiente\/wp-json\/wp\/v2\/posts"}],"about":[{"href":"https:\/\/www.locoxelrojo.com\/independiente\/wp-json\/wp\/v2\/types\/post"}],"author":[{"embeddable":true,"href":"https:\/\/www.locoxelrojo.com\/independiente\/wp-json\/wp\/v2\/users\/101017"}],"replies":[{"embeddable":true,"href":"https:\/\/www.locoxelrojo.com\/independiente\/wp-json\/wp\/v2\/comments?post=88251"}],"version-history":[{"count":1,"href":"https:\/\/www.locoxelrojo.com\/independiente\/wp-json\/wp\/v2\/posts\/88251\/revisions"}],"predecessor-version":[{"id":88252,"href":"https:\/\/www.locoxelrojo.com\/independiente\/wp-json\/wp\/v2\/posts\/88251\/revisions\/88252"}],"wp:featuredmedia":[{"embeddable":true,"href":"https:\/\/www.locoxelrojo.com\/independiente\/wp-json\/wp\/v2\/media\/85545"}],"wp:attachment":[{"href":"https:\/\/www.locoxelrojo.com\/independiente\/wp-json\/wp\/v2\/media?parent=88251"}],"wp:term":[{"taxonomy":"category","embeddable":true,"href":"https:\/\/www.locoxelrojo.com\/independiente\/wp-json\/wp\/v2\/categories?post=88251"},{"taxonomy":"post_tag","embeddable":true,"href":"https:\/\/www.locoxelrojo.com\/independiente\/wp-json\/wp\/v2\/tags?post=88251"}],"curies":[{"name":"wp","href":"https:\/\/api.w.org\/{rel}","templated":true}]}}