{"id":88258,"date":"2020-06-13T10:22:00","date_gmt":"2020-06-13T13:22:00","guid":{"rendered":"http:\/\/www.locoxelrojo.com\/independiente\/?p=88258"},"modified":"2020-06-13T18:24:24","modified_gmt":"2020-06-13T21:24:24","slug":"el-ministro-de-salud-hablo-sobre-la-vuelta-del-futbol","status":"publish","type":"post","link":"https:\/\/www.locoxelrojo.com\/independiente\/2020\/06\/13\/el-ministro-de-salud-hablo-sobre-la-vuelta-del-futbol\/","title":{"rendered":"El Ministro de Salud habl\u00f3 sobre la vuelta del f\u00fatbol"},"content":{"rendered":"<p><strong>Gin\u00e9s Gonz\u00e1lez Garc\u00eda le puso un freno al regreso del f\u00fatbol argentino.<\/strong> <\/p>\n<p>En los \u00faltimos d\u00edas varios dirigentes comenzaron a pensar en el regreso del f\u00fatbol y hasta evaluaron la posibilidad de diagramar los distintos protocolos para que los planteles puedan retomar los entrenamientos. Sin embargo, desde el Gobierno piensan lo contrario. <\/p>\n<p><strong>&#8220;No podemos pensar en habilitar el f\u00fatbol ni en el AMBA ni en el resto del pa\u00eds en el corto plazo&#8221;<\/strong>, expres\u00f3 el ministro. <strong>&#8220;No veo porqu\u00e9 hay tanta ansiedad de retomar la actividad. No me parece que est\u00e9 todo dado para que los jugadores de f\u00fatbol profesional vuelvan a entrenarse&#8221;<\/strong>, ampli\u00f3.<\/p>\n<p>Y concluy\u00f3:<strong> &#8220;Entiendo que es un negocio y una pasi\u00f3n, pero soy de la idea de que, por el momento, no puede haber ninguna apertura&#8221;.<\/strong><\/p>\n","protected":false},"excerpt":{"rendered":"<p>Gin\u00e9s Gonz\u00e1lez Garc\u00eda le puso un freno al regreso del f\u00fatbol argentino. En los \u00faltimos d\u00edas varios dirigentes comenzaron a pensar en el regreso del f\u00fatbol y hasta evaluaron la posibilidad de diagramar los distintos protocolos para que los planteles puedan retomar los entrenamientos. Sin embargo, desde el Gobierno piensan lo contrario. &#8220;No podemos pensar [&hellip;]<\/p>\n","protected":false},"author":1,"featured_media":88259,"comment_status":"open","ping_status":"closed","sticky":false,"template":"","format":"standard","meta":{"_links_to":"","_links_to_target":""},"categories":[3280,3247],"tags":[4579],"_links":{"self":[{"href":"https:\/\/www.locoxelrojo.com\/independiente\/wp-json\/wp\/v2\/posts\/88258"}],"collection":[{"href":"https:\/\/www.locoxelrojo.com\/independiente\/wp-json\/wp\/v2\/posts"}],"about":[{"href":"https:\/\/www.locoxelrojo.com\/independiente\/wp-json\/wp\/v2\/types\/post"}],"author":[{"embeddable":true,"href":"https:\/\/www.locoxelrojo.com\/independiente\/wp-json\/wp\/v2\/users\/1"}],"replies":[{"embeddable":true,"href":"https:\/\/www.locoxelrojo.com\/independiente\/wp-json\/wp\/v2\/comments?post=88258"}],"version-history":[{"count":1,"href":"https:\/\/www.locoxelrojo.com\/independiente\/wp-json\/wp\/v2\/posts\/88258\/revisions"}],"predecessor-version":[{"id":88260,"href":"https:\/\/www.locoxelrojo.com\/independiente\/wp-json\/wp\/v2\/posts\/88258\/revisions\/88260"}],"wp:featuredmedia":[{"embeddable":true,"href":"https:\/\/www.locoxelrojo.com\/independiente\/wp-json\/wp\/v2\/media\/88259"}],"wp:attachment":[{"href":"https:\/\/www.locoxelrojo.com\/independiente\/wp-json\/wp\/v2\/media?parent=88258"}],"wp:term":[{"taxonomy":"category","embeddable":true,"href":"https:\/\/www.locoxelrojo.com\/independiente\/wp-json\/wp\/v2\/categories?post=88258"},{"taxonomy":"post_tag","embeddable":true,"href":"https:\/\/www.locoxelrojo.com\/independiente\/wp-json\/wp\/v2\/tags?post=88258"}],"curies":[{"name":"wp","href":"https:\/\/api.w.org\/{rel}","templated":true}]}}