{"id":88263,"date":"2020-06-14T16:22:52","date_gmt":"2020-06-14T19:22:52","guid":{"rendered":"http:\/\/www.locoxelrojo.com\/independiente\/?p=88263"},"modified":"2020-06-14T17:07:28","modified_gmt":"2020-06-14T20:07:28","slug":"gomez-una-dirigencia-que-cuido-a-los-trabajadores-hoy-nos-deja-sin-laburo","status":"publish","type":"post","link":"https:\/\/www.locoxelrojo.com\/independiente\/2020\/06\/14\/gomez-una-dirigencia-que-cuido-a-los-trabajadores-hoy-nos-deja-sin-laburo\/","title":{"rendered":"G\u00f3mez: &#8220;Una dirigencia que cuid\u00f3 a los trabajadores hoy nos deja sin laburo&#8221;"},"content":{"rendered":"<p>Si bien en las \u00faltimas horas ya se hab\u00eda comenzado a deslizar la posibilidad de no renovarle a <strong>Marcelo G\u00f3mez<\/strong>, el subcampeonato y el crecimiento exponencial de la Reserva eran m\u00e9ritos suficientes como para pensar que la decisi\u00f3n iba a ser modificada. Pero el club volvi\u00f3 a equivocarse.<\/p>\n<p><strong>&#8220;Est\u00e1bamos tranquilos, ilusionados, de acuerdo a lo que nos hab\u00eda dicho Pablo Moyano, H\u00e9ctor Maldonado y el secretario de Prensa, a quien escuch\u00e9 decir que estaban conforme con nuestra tarea e iban a extender el v\u00ednculo&#8221;<\/strong>, remarc\u00f3 G\u00f3mez en di\u00e1logo con La Red.<\/p>\n<p>Sin embargo, y con la excusa de reducir costos, el club opt\u00f3 por no renovar el v\u00ednculo del Negro, que se vence el pr\u00f3ximo martes. <strong>&#8220;El viernes me llam\u00f3 Jorge Burruchaga dici\u00e9ndome que no iban a renovarnos, que no encaj\u00e1bamos en el proyecto, que nuestro salario no ten\u00eda sentido porque no va a haber Reserva hasta el a\u00f1o que viene&#8221;<\/strong>, se\u00f1al\u00f3.<\/p>\n<p>Y en la misma l\u00ednea, el DT agreg\u00f3: <strong>&#8220;No puedo terminar de comprender, esto me sorprende. El fundamento es que no cuadro en el proyecto del M\u00e1nager y que no ten\u00eda sentido seguir cobrando el salario. Me resulta doloroso viniendo de una dirigencia que siempre cuid\u00f3 a los trabajadores y que en medio de esta situaci\u00f3n nos deje sin laburo&#8221;<\/strong>.<\/p>\n<p>El club se queda sin un grupo de profesionales que reposicionaron la categor\u00eda en todo sentido y nutrieron con sus jugadores a la Primera. Parece que ahora con hacer las cosas bien tampoco basta en Independiente.<\/p>\n","protected":false},"excerpt":{"rendered":"<p>Si bien en las \u00faltimas horas ya se hab\u00eda comenzado a deslizar la posibilidad de no renovarle a Marcelo G\u00f3mez, el subcampeonato y el crecimiento exponencial de la Reserva eran m\u00e9ritos suficientes como para pensar que la decisi\u00f3n iba a ser modificada. Pero el club volvi\u00f3 a equivocarse. &#8220;Est\u00e1bamos tranquilos, ilusionados, de acuerdo a lo [&hellip;]<\/p>\n","protected":false},"author":19,"featured_media":83603,"comment_status":"open","ping_status":"closed","sticky":false,"template":"","format":"standard","meta":{"_links_to":"","_links_to_target":""},"categories":[3247,141],"tags":[153,4286,3270],"_links":{"self":[{"href":"https:\/\/www.locoxelrojo.com\/independiente\/wp-json\/wp\/v2\/posts\/88263"}],"collection":[{"href":"https:\/\/www.locoxelrojo.com\/independiente\/wp-json\/wp\/v2\/posts"}],"about":[{"href":"https:\/\/www.locoxelrojo.com\/independiente\/wp-json\/wp\/v2\/types\/post"}],"author":[{"embeddable":true,"href":"https:\/\/www.locoxelrojo.com\/independiente\/wp-json\/wp\/v2\/users\/19"}],"replies":[{"embeddable":true,"href":"https:\/\/www.locoxelrojo.com\/independiente\/wp-json\/wp\/v2\/comments?post=88263"}],"version-history":[{"count":2,"href":"https:\/\/www.locoxelrojo.com\/independiente\/wp-json\/wp\/v2\/posts\/88263\/revisions"}],"predecessor-version":[{"id":88265,"href":"https:\/\/www.locoxelrojo.com\/independiente\/wp-json\/wp\/v2\/posts\/88263\/revisions\/88265"}],"wp:featuredmedia":[{"embeddable":true,"href":"https:\/\/www.locoxelrojo.com\/independiente\/wp-json\/wp\/v2\/media\/83603"}],"wp:attachment":[{"href":"https:\/\/www.locoxelrojo.com\/independiente\/wp-json\/wp\/v2\/media?parent=88263"}],"wp:term":[{"taxonomy":"category","embeddable":true,"href":"https:\/\/www.locoxelrojo.com\/independiente\/wp-json\/wp\/v2\/categories?post=88263"},{"taxonomy":"post_tag","embeddable":true,"href":"https:\/\/www.locoxelrojo.com\/independiente\/wp-json\/wp\/v2\/tags?post=88263"}],"curies":[{"name":"wp","href":"https:\/\/api.w.org\/{rel}","templated":true}]}}