{"id":88266,"date":"2020-06-14T19:06:05","date_gmt":"2020-06-14T22:06:05","guid":{"rendered":"http:\/\/www.locoxelrojo.com\/independiente\/?p=88266"},"modified":"2020-06-14T19:06:20","modified_gmt":"2020-06-14T22:06:20","slug":"el-paso-del-negro-gomez-que-pierde-independiente-con-su-salida","status":"publish","type":"post","link":"https:\/\/www.locoxelrojo.com\/independiente\/2020\/06\/14\/el-paso-del-negro-gomez-que-pierde-independiente-con-su-salida\/","title":{"rendered":"El paso del Negro G\u00f3mez: \u00bfQu\u00e9 pierde Independiente con su salida?"},"content":{"rendered":"<p><strong>Marcelo G\u00f3mez<\/strong> finaliza su contrato con Independiente el pr\u00f3ximo martes 16 de junio luego de un a\u00f1o fruct\u00edfero de trabajo. Sin embargo el club decidi\u00f3 no renovarle su v\u00ednculo.<\/p>\n<p><a href=\"https:\/\/www.locoxelrojo.com\/independiente\/2020\/06\/12\/el-negro-gomez-no-seguira-a-cargo-de-la-reserva\/\">Tras hacerse efectiva la noticia<\/a> y sus palabras al respecto, donde <a href=\"https:\/\/www.locoxelrojo.com\/independiente\/2020\/06\/14\/gomez-una-dirigencia-que-cuido-a-los-trabajadores-hoy-nos-deja-sin-laburo\/\">manifest\u00f3 su dolor con la dirigencia<\/a>, te dejamos un hilo donde <strong>analizamos todo lo que hizo el entrenador durante su estad\u00eda por el Rojo<\/strong>.<\/p>\n<p><strong>\u00a1Mir\u00e1!<\/strong><\/p>\n<blockquote class=\"twitter-tweet\">\n<p dir=\"ltr\" lang=\"es\">HILO | <a href=\"https:\/\/twitter.com\/hashtag\/Independiente?src=hash&amp;ref_src=twsrc%5Etfw\">#Independiente<\/a> no le renovar\u00e1 el contrato a Marcelo G\u00f3mez como DT de la <a href=\"https:\/\/twitter.com\/hashtag\/Reserva?src=hash&amp;ref_src=twsrc%5Etfw\">#Reserva<\/a> pese al subcampeonato obtenido.<\/p>\n<p>\u00bfQu\u00e9 hizo durante su a\u00f1o de trabajo y qu\u00e9 pierde el club con la salida de \u00e9l y su cuerpo t\u00e9cnico?<a href=\"https:\/\/twitter.com\/fedeandres_5?ref_src=twsrc%5Etfw\">@fedeandres_5<\/a> te lo cuenta&#8230; <a href=\"https:\/\/t.co\/eBktTfAlG2\">pic.twitter.com\/eBktTfAlG2<\/a><\/p>\n<p>\u2014 Independiente (LXR) (@locoxelrojoweb) <a href=\"https:\/\/twitter.com\/locoxelrojoweb\/status\/1272286839987109890?ref_src=twsrc%5Etfw\">June 14, 2020<\/a><\/p><\/blockquote>\n<p><script async src=\"https:\/\/platform.twitter.com\/widgets.js\" charset=\"utf-8\"><\/script><\/p>\n","protected":false},"excerpt":{"rendered":"<p>Marcelo G\u00f3mez finaliza su contrato con Independiente el pr\u00f3ximo martes 16 de junio luego de un a\u00f1o fruct\u00edfero de trabajo. Sin embargo el club decidi\u00f3 no renovarle su v\u00ednculo. Tras hacerse efectiva la noticia y sus palabras al respecto, donde manifest\u00f3 su dolor con la dirigencia, te dejamos un hilo donde analizamos todo lo que [&hellip;]<\/p>\n","protected":false},"author":101022,"featured_media":88267,"comment_status":"open","ping_status":"closed","sticky":false,"template":"","format":"standard","meta":{"_links_to":"","_links_to_target":""},"categories":[3247,141],"tags":[153,4286,3452,3270],"_links":{"self":[{"href":"https:\/\/www.locoxelrojo.com\/independiente\/wp-json\/wp\/v2\/posts\/88266"}],"collection":[{"href":"https:\/\/www.locoxelrojo.com\/independiente\/wp-json\/wp\/v2\/posts"}],"about":[{"href":"https:\/\/www.locoxelrojo.com\/independiente\/wp-json\/wp\/v2\/types\/post"}],"author":[{"embeddable":true,"href":"https:\/\/www.locoxelrojo.com\/independiente\/wp-json\/wp\/v2\/users\/101022"}],"replies":[{"embeddable":true,"href":"https:\/\/www.locoxelrojo.com\/independiente\/wp-json\/wp\/v2\/comments?post=88266"}],"version-history":[{"count":1,"href":"https:\/\/www.locoxelrojo.com\/independiente\/wp-json\/wp\/v2\/posts\/88266\/revisions"}],"predecessor-version":[{"id":88268,"href":"https:\/\/www.locoxelrojo.com\/independiente\/wp-json\/wp\/v2\/posts\/88266\/revisions\/88268"}],"wp:featuredmedia":[{"embeddable":true,"href":"https:\/\/www.locoxelrojo.com\/independiente\/wp-json\/wp\/v2\/media\/88267"}],"wp:attachment":[{"href":"https:\/\/www.locoxelrojo.com\/independiente\/wp-json\/wp\/v2\/media?parent=88266"}],"wp:term":[{"taxonomy":"category","embeddable":true,"href":"https:\/\/www.locoxelrojo.com\/independiente\/wp-json\/wp\/v2\/categories?post=88266"},{"taxonomy":"post_tag","embeddable":true,"href":"https:\/\/www.locoxelrojo.com\/independiente\/wp-json\/wp\/v2\/tags?post=88266"}],"curies":[{"name":"wp","href":"https:\/\/api.w.org\/{rel}","templated":true}]}}