{"id":88322,"date":"2020-06-19T20:29:54","date_gmt":"2020-06-19T23:29:54","guid":{"rendered":"http:\/\/www.locoxelrojo.com\/independiente\/?p=88322"},"modified":"2020-06-20T19:31:47","modified_gmt":"2020-06-20T22:31:47","slug":"pablo-moyano-dio-un-panorama-sobre-las-posibles-salidas-del-plantel","status":"publish","type":"post","link":"https:\/\/www.locoxelrojo.com\/independiente\/2020\/06\/19\/pablo-moyano-dio-un-panorama-sobre-las-posibles-salidas-del-plantel\/","title":{"rendered":"Pablo Moyano dio un panorama sobre las posibles salidas del plantel"},"content":{"rendered":"<p><strong>Pablo Moyano<\/strong>\u00a0dio un panorama sobre el mercado de pases de Independiente y dio detalles de la relaci\u00f3n con los jugadores en medio de la crisis econ\u00f3mica que vive el club.<\/p>\n<p><strong>&#8220;Decidimos poner un m\u00e1nager para que sea nexo entre la Comisi\u00f3n Directiva y los jugadores. Algunos ya est\u00e1n aceptando, con otros tendremos que hablar, pero creo que con racionalidad lo van a entender y vamos a ir solucionando estos temas a futuro&#8221;<\/strong>, coment\u00f3 el vicepresidente en referencia a las renegociaciones de algunos contratos.<\/p>\n<p>Consultado sobre posibles refuerzos y salidas, Pablo explic\u00f3 c\u00f3mo est\u00e1 la situaci\u00f3n en charla con TyC Sports: <strong>&#8220;Hoy no hemos recibido ofertas por ning\u00fan jugador. Si vienen y es conveniente para el club y para el jugador seguramente se llevar\u00e1n adelante. Evaluando la posibilidad de que vengan ofertas, Pusineri ya tiene dos o tres alternativas por puestos&#8221;<\/strong>.<\/p>\n<p><iframe loading=\"lazy\" src=\"https:\/\/www.youtube.com\/embed\/uNPOiol7fn8\" width=\"560\" height=\"315\" frameborder=\"0\" allowfullscreen=\"allowfullscreen\"><\/iframe><\/p>\n<h3>La situaci\u00f3n de cada jugador, en palabras de Pablo Moyano<\/h3>\n<p><strong>Gast\u00f3n Silva:<\/strong> &#8220;Ya se han mandado las cartas documento. El jugador se equivoc\u00f3 en el m\u00e9todo, hizo un reclamo de otro pa\u00eds donde las leyes laborales son distintas. O viene a arreglar con el club para su continuidad o el club que tenga la voluntad de llev\u00e1rselo va a tener que poner la cl\u00e1usula de ocho millones de d\u00f3lares&#8221;.<\/p>\n<p><strong>Leandro Fern\u00e1ndez:<\/strong> &#8220;Queremos que siga en Independiente, ma\u00f1ana o la semana que viene me junto con (Christian) Bragarnik, el representante, con quien tenemos buena relaci\u00f3n y ojal\u00e1 podamos llegar a acercar posiciones&#8221;.<\/p>\n<p><strong>Alan Franco:<\/strong> &#8220;Le agradezco, \u00e9l tuvo una oferta para irse a jugar en Estados Unidos e hicimos un esfuerzo importante para que se quede, si llega otra oferta importante para el club y que le sirva a jugador seguramente podr\u00eda tener destino europeo o del mercado que venga&#8221;.<\/p>\n<p><strong>Mart\u00edn Campa\u00f1a:<\/strong> &#8220;Fue vital para la Sudamericana, tenido partidos importantes, no s\u00e9 si cumpli\u00f3 un ciclo, hay que ver qu\u00e9 quiere el jugador, en estos cuatro a\u00f1os demostr\u00f3 estar a la altura. Hoy cuando son tentados con sumas importantes de dinero lo piensan dos veces, si viene una oferta se analizar\u00e1, por su edad y experiencia seguramente van a venir a buscarlo. Yo primero soy dirigente gremial, est\u00e1 en su leg\u00edtimo reclamo, Cuando un trabajador viene a reclamar diferencias salariales, lo apoyo. Es lo que tengo que hacer, te puede gustar o no, a \u00e9l se le deb\u00eda y lo reclam\u00f3&#8221;.<\/p>\n","protected":false},"excerpt":{"rendered":"<p>Pablo Moyano\u00a0dio un panorama sobre el mercado de pases de Independiente y dio detalles de la relaci\u00f3n con los jugadores en medio de la crisis econ\u00f3mica que vive el club. &#8220;Decidimos poner un m\u00e1nager para que sea nexo entre la Comisi\u00f3n Directiva y los jugadores. Algunos ya est\u00e1n aceptando, con otros tendremos que hablar, pero [&hellip;]<\/p>\n","protected":false},"author":8,"featured_media":88324,"comment_status":"open","ping_status":"closed","sticky":false,"template":"","format":"standard","meta":{"_links_to":"","_links_to_target":""},"categories":[3280,3247],"tags":[439],"_links":{"self":[{"href":"https:\/\/www.locoxelrojo.com\/independiente\/wp-json\/wp\/v2\/posts\/88322"}],"collection":[{"href":"https:\/\/www.locoxelrojo.com\/independiente\/wp-json\/wp\/v2\/posts"}],"about":[{"href":"https:\/\/www.locoxelrojo.com\/independiente\/wp-json\/wp\/v2\/types\/post"}],"author":[{"embeddable":true,"href":"https:\/\/www.locoxelrojo.com\/independiente\/wp-json\/wp\/v2\/users\/8"}],"replies":[{"embeddable":true,"href":"https:\/\/www.locoxelrojo.com\/independiente\/wp-json\/wp\/v2\/comments?post=88322"}],"version-history":[{"count":6,"href":"https:\/\/www.locoxelrojo.com\/independiente\/wp-json\/wp\/v2\/posts\/88322\/revisions"}],"predecessor-version":[{"id":88335,"href":"https:\/\/www.locoxelrojo.com\/independiente\/wp-json\/wp\/v2\/posts\/88322\/revisions\/88335"}],"wp:featuredmedia":[{"embeddable":true,"href":"https:\/\/www.locoxelrojo.com\/independiente\/wp-json\/wp\/v2\/media\/88324"}],"wp:attachment":[{"href":"https:\/\/www.locoxelrojo.com\/independiente\/wp-json\/wp\/v2\/media?parent=88322"}],"wp:term":[{"taxonomy":"category","embeddable":true,"href":"https:\/\/www.locoxelrojo.com\/independiente\/wp-json\/wp\/v2\/categories?post=88322"},{"taxonomy":"post_tag","embeddable":true,"href":"https:\/\/www.locoxelrojo.com\/independiente\/wp-json\/wp\/v2\/tags?post=88322"}],"curies":[{"name":"wp","href":"https:\/\/api.w.org\/{rel}","templated":true}]}}