{"id":88327,"date":"2020-06-20T17:05:43","date_gmt":"2020-06-20T20:05:43","guid":{"rendered":"http:\/\/www.locoxelrojo.com\/independiente\/?p=88327"},"modified":"2020-09-03T00:03:17","modified_gmt":"2020-09-03T03:03:17","slug":"cuanto-sabe-federico-mancuello-de-su-paso-por-el-rojo","status":"publish","type":"post","link":"https:\/\/www.locoxelrojo.com\/independiente\/2020\/06\/20\/cuanto-sabe-federico-mancuello-de-su-paso-por-el-rojo\/","title":{"rendered":"\u00bfCu\u00e1nto sabe Federico Mancuello de su paso por el Rojo?"},"content":{"rendered":"<p>En la segunda edici\u00f3n de esta secci\u00f3n probamos la memoria de <strong>Federico Mancuello<\/strong>, quien se encuentra en Toluca de M\u00e9xico, y sorprendi\u00f3 para bien.<\/p>\n<p>El mediocampista surgido de las Inferiores de Independiente <strong>la rompi\u00f3 en el reto<\/strong> y dej\u00f3 una marca dif\u00edcil de superar.<\/p>\n<p>\u00a1Mir\u00e1!<\/p>\n<p><iframe loading=\"lazy\" src=\"https:\/\/www.youtube.com\/embed\/Hn8vYK1SzE8\" width=\"560\" height=\"315\" frameborder=\"0\" allowfullscreen=\"allowfullscreen\"><\/iframe><\/p>\n","protected":false},"excerpt":{"rendered":"<p>En la segunda edici\u00f3n de esta secci\u00f3n probamos la memoria de Federico Mancuello, quien se encuentra en Toluca de M\u00e9xico, y sorprendi\u00f3 para bien. El mediocampista surgido de las Inferiores de Independiente la rompi\u00f3 en el reto y dej\u00f3 una marca dif\u00edcil de superar. \u00a1Mir\u00e1!<\/p>\n","protected":false},"author":19,"featured_media":89548,"comment_status":"open","ping_status":"closed","sticky":false,"template":"","format":"standard","meta":{"_links_to":"","_links_to_target":""},"categories":[3261,3247],"tags":[4575,153,48,3219,3204],"_links":{"self":[{"href":"https:\/\/www.locoxelrojo.com\/independiente\/wp-json\/wp\/v2\/posts\/88327"}],"collection":[{"href":"https:\/\/www.locoxelrojo.com\/independiente\/wp-json\/wp\/v2\/posts"}],"about":[{"href":"https:\/\/www.locoxelrojo.com\/independiente\/wp-json\/wp\/v2\/types\/post"}],"author":[{"embeddable":true,"href":"https:\/\/www.locoxelrojo.com\/independiente\/wp-json\/wp\/v2\/users\/19"}],"replies":[{"embeddable":true,"href":"https:\/\/www.locoxelrojo.com\/independiente\/wp-json\/wp\/v2\/comments?post=88327"}],"version-history":[{"count":1,"href":"https:\/\/www.locoxelrojo.com\/independiente\/wp-json\/wp\/v2\/posts\/88327\/revisions"}],"predecessor-version":[{"id":88329,"href":"https:\/\/www.locoxelrojo.com\/independiente\/wp-json\/wp\/v2\/posts\/88327\/revisions\/88329"}],"wp:featuredmedia":[{"embeddable":true,"href":"https:\/\/www.locoxelrojo.com\/independiente\/wp-json\/wp\/v2\/media\/89548"}],"wp:attachment":[{"href":"https:\/\/www.locoxelrojo.com\/independiente\/wp-json\/wp\/v2\/media?parent=88327"}],"wp:term":[{"taxonomy":"category","embeddable":true,"href":"https:\/\/www.locoxelrojo.com\/independiente\/wp-json\/wp\/v2\/categories?post=88327"},{"taxonomy":"post_tag","embeddable":true,"href":"https:\/\/www.locoxelrojo.com\/independiente\/wp-json\/wp\/v2\/tags?post=88327"}],"curies":[{"name":"wp","href":"https:\/\/api.w.org\/{rel}","templated":true}]}}