{"id":88336,"date":"2020-06-20T15:48:50","date_gmt":"2020-06-20T18:48:50","guid":{"rendered":"http:\/\/www.locoxelrojo.com\/independiente\/?p=88336"},"modified":"2020-06-20T19:50:04","modified_gmt":"2020-06-20T22:50:04","slug":"incertidumbre-por-el-futuro-de-gaibor","status":"publish","type":"post","link":"https:\/\/www.locoxelrojo.com\/independiente\/2020\/06\/20\/incertidumbre-por-el-futuro-de-gaibor\/","title":{"rendered":"Incertidumbre por el futuro de Gaibor"},"content":{"rendered":"<p><strong>Jos\u00e9 Chamorro<\/strong>, representante de <strong>Fernando Gaibor<\/strong>, explic\u00f3 c\u00f3mo est\u00e1 la situaci\u00f3n del jugador y afirm\u00f3 que lo m\u00e1s probable es que regrese a Independiente. Resta saber si Lucas Pusineri lo tendr\u00e1 en cuenta.<\/p>\n<p><strong>&#8220;El 30 de junio vence el pr\u00e9stamo con Al Wasl y deber\u00e1 volver a Independiente. Todav\u00eda no me llamaron y si no van a tenerlo en cuenta deber\u00e1 salir a pr\u00e9stamo a otro club. Desde Al Wasl no se comunicaron conmigo para renovar el pr\u00e9stamo&#8221;<\/strong>, indic\u00f3 el agente del ecuatoriano.<\/p>\n<p>El conflicto salarial que hay en Avellaneda es algo que en su momento tambi\u00e9n afect\u00f3 a Gaibor. Al respecto, Chamorro dej\u00f3 en claro que <strong>&#8220;la deuda que mantiene Independiente con Gaibor es un tema que se est\u00e1 solucionando&#8221;<\/strong>.<\/p>\n<p>Por otro lado, cont\u00f3 que no recibi\u00f3 llamados por el ecuatoriano: <strong>&#8220;No tenemos ninguna oferta por parte de otro club. Liga de Quito no pidi\u00f3 condiciones por \u00e9l. Todav\u00eda es prematuro hablar de lo que pueda pasar&#8221;<\/strong>. Si bien falta el visto bueno de Pusineri, el representante de Gaibor se\u00f1al\u00f3 que <strong>&#8220;Fernando se sumar\u00e1 a Independiente si ning\u00fan equipo quiere contratarlo&#8221;<\/strong>.<\/p>\n<p><strong>&#8220;En Independiente hubo muchos cambios de entrenadores, y eso afect\u00f3 a Gaibor. Los contratos deben respetarse y nosotros siempre actuamos de buena fe&#8221;<\/strong>, cerr\u00f3 Chamorro en los micr\u00f3fonos de F\u00fatbol Al Rojo Vivo.<\/p>\n","protected":false},"excerpt":{"rendered":"<p>Jos\u00e9 Chamorro, representante de Fernando Gaibor, explic\u00f3 c\u00f3mo est\u00e1 la situaci\u00f3n del jugador y afirm\u00f3 que lo m\u00e1s probable es que regrese a Independiente. Resta saber si Lucas Pusineri lo tendr\u00e1 en cuenta. &#8220;El 30 de junio vence el pr\u00e9stamo con Al Wasl y deber\u00e1 volver a Independiente. Todav\u00eda no me llamaron y si no [&hellip;]<\/p>\n","protected":false},"author":8,"featured_media":84733,"comment_status":"open","ping_status":"closed","sticky":false,"template":"","format":"standard","meta":{"_links_to":"","_links_to_target":""},"categories":[3297,3247],"tags":[3747],"_links":{"self":[{"href":"https:\/\/www.locoxelrojo.com\/independiente\/wp-json\/wp\/v2\/posts\/88336"}],"collection":[{"href":"https:\/\/www.locoxelrojo.com\/independiente\/wp-json\/wp\/v2\/posts"}],"about":[{"href":"https:\/\/www.locoxelrojo.com\/independiente\/wp-json\/wp\/v2\/types\/post"}],"author":[{"embeddable":true,"href":"https:\/\/www.locoxelrojo.com\/independiente\/wp-json\/wp\/v2\/users\/8"}],"replies":[{"embeddable":true,"href":"https:\/\/www.locoxelrojo.com\/independiente\/wp-json\/wp\/v2\/comments?post=88336"}],"version-history":[{"count":3,"href":"https:\/\/www.locoxelrojo.com\/independiente\/wp-json\/wp\/v2\/posts\/88336\/revisions"}],"predecessor-version":[{"id":88339,"href":"https:\/\/www.locoxelrojo.com\/independiente\/wp-json\/wp\/v2\/posts\/88336\/revisions\/88339"}],"wp:featuredmedia":[{"embeddable":true,"href":"https:\/\/www.locoxelrojo.com\/independiente\/wp-json\/wp\/v2\/media\/84733"}],"wp:attachment":[{"href":"https:\/\/www.locoxelrojo.com\/independiente\/wp-json\/wp\/v2\/media?parent=88336"}],"wp:term":[{"taxonomy":"category","embeddable":true,"href":"https:\/\/www.locoxelrojo.com\/independiente\/wp-json\/wp\/v2\/categories?post=88336"},{"taxonomy":"post_tag","embeddable":true,"href":"https:\/\/www.locoxelrojo.com\/independiente\/wp-json\/wp\/v2\/tags?post=88336"}],"curies":[{"name":"wp","href":"https:\/\/api.w.org\/{rel}","templated":true}]}}