{"id":8851,"date":"2011-06-14T14:49:33","date_gmt":"2011-06-14T17:49:33","guid":{"rendered":"http:\/\/www.locoxelrojo.com.ar\/independiente\/?p=8851"},"modified":"2011-06-14T14:49:33","modified_gmt":"2011-06-14T17:49:33","slug":"se-va-despidiendo","status":"publish","type":"post","link":"https:\/\/www.locoxelrojo.com\/independiente\/2011\/06\/14\/se-va-despidiendo\/","title":{"rendered":"Se va despidiendo"},"content":{"rendered":"<p><a href=\"http:\/\/www.locoxelrojo.com.ar\/independiente\/wp-content\/uploads\/2011\/06\/Andres_Silvera.jpg\"><img loading=\"lazy\" class=\"alignnone size-full wp-image-8853\" title=\"Andres_Silvera\" src=\"http:\/\/www.locoxelrojo.com.ar\/independiente\/wp-content\/uploads\/2011\/06\/Andres_Silvera.jpg\" alt=\"\" width=\"590\" height=\"315\" srcset=\"https:\/\/locoxelrojo.com\/independiente\/wp-content\/uploads\/2011\/06\/Andres_Silvera.jpg 590w, https:\/\/locoxelrojo.com\/independiente\/wp-content\/uploads\/2011\/06\/Andres_Silvera-300x160.jpg 300w\" sizes=\"(max-width: 590px) 100vw, 590px\" \/><\/a><\/p>\n<p><strong>Daniel Mandarino, representante de Andr\u00e9s Silvera<\/strong> dialog\u00f3 con<strong> Espn Radio Rivadavia<\/strong> y con<strong> Radio Belgrano<\/strong>. En ambos casos; manifest\u00f3 que no va a seguir en Independiente y que ve cercano el despido en el club que lo vio nacer, Uni\u00f3n de Santa Fe.<\/p>\n<p><strong>&#8220;Silvera no se va a retirar y va a seguir jugando al f\u00fatbol, existe la posibilidad de que juegue su \u00faltimo a\u00f1o en Uni\u00f3n&#8221;<\/strong>, destac\u00f3 su representante quien manifest\u00f3 que su contrato estaba cerrado desde diciembre cuando en realidad el problema eran los impuestos que el jugador no pretend\u00eda dejar a un lado a la hora de cobrar.<\/p>\n<p>Igualmente, Mandarino destac\u00f3:<strong> &#8220;ning\u00fan dirigente de Independiente habl\u00f3 conmigo ni con Andr\u00e9s, el contrato estaba arreglado desde diciembre&#8221;.<\/strong> Por \u00faltimo, asegur\u00f3 que a esta altura no se va a comunicar con ning\u00fan dirigente de Independiente a pesar de que el t\u00e9cnico manifest\u00f3 que desea tenerlo en el plantel.<strong> &#8220;No voy a llamar a Comparada, si quiere que Silvera siga se comunicar\u00e1 \u00e9l conmigo como lo ha echo tantas veces&#8221;<\/strong>, concluy\u00f3.<\/p>\n","protected":false},"excerpt":{"rendered":"<p>Daniel Mandarino, representante de Andr\u00e9s Silvera dialog\u00f3 con Espn Radio Rivadavia y con Radio Belgrano. En ambos casos; manifest\u00f3 que no va a seguir en Independiente y que ve cercano el despido en el club que lo vio nacer, Uni\u00f3n de Santa Fe. &#8220;Silvera no se va a retirar y va a seguir jugando al [&hellip;]<\/p>\n","protected":false},"author":1,"featured_media":0,"comment_status":"open","ping_status":"open","sticky":false,"template":"","format":"standard","meta":{"_links_to":"","_links_to_target":""},"categories":[3,1],"tags":[155,115,153],"_links":{"self":[{"href":"https:\/\/www.locoxelrojo.com\/independiente\/wp-json\/wp\/v2\/posts\/8851"}],"collection":[{"href":"https:\/\/www.locoxelrojo.com\/independiente\/wp-json\/wp\/v2\/posts"}],"about":[{"href":"https:\/\/www.locoxelrojo.com\/independiente\/wp-json\/wp\/v2\/types\/post"}],"author":[{"embeddable":true,"href":"https:\/\/www.locoxelrojo.com\/independiente\/wp-json\/wp\/v2\/users\/1"}],"replies":[{"embeddable":true,"href":"https:\/\/www.locoxelrojo.com\/independiente\/wp-json\/wp\/v2\/comments?post=8851"}],"version-history":[{"count":0,"href":"https:\/\/www.locoxelrojo.com\/independiente\/wp-json\/wp\/v2\/posts\/8851\/revisions"}],"wp:attachment":[{"href":"https:\/\/www.locoxelrojo.com\/independiente\/wp-json\/wp\/v2\/media?parent=8851"}],"wp:term":[{"taxonomy":"category","embeddable":true,"href":"https:\/\/www.locoxelrojo.com\/independiente\/wp-json\/wp\/v2\/categories?post=8851"},{"taxonomy":"post_tag","embeddable":true,"href":"https:\/\/www.locoxelrojo.com\/independiente\/wp-json\/wp\/v2\/tags?post=8851"}],"curies":[{"name":"wp","href":"https:\/\/api.w.org\/{rel}","templated":true}]}}