{"id":88618,"date":"2020-07-08T13:44:46","date_gmt":"2020-07-08T16:44:46","guid":{"rendered":"http:\/\/www.locoxelrojo.com\/independiente\/?p=88618"},"modified":"2020-07-08T15:07:00","modified_gmt":"2020-07-08T18:07:00","slug":"baez-independiente-es-el-amor-de-mi-vida","status":"publish","type":"post","link":"https:\/\/www.locoxelrojo.com\/independiente\/2020\/07\/08\/baez-independiente-es-el-amor-de-mi-vida\/","title":{"rendered":"B\u00e1ez: &#8220;Independiente es el amor de mi vida&#8221;"},"content":{"rendered":"<p><strong>Javier B\u00e1ez<\/strong>, ex jugador de Independiente, dialog\u00f3 con la prensa y <strong>cont\u00f3 lo que signific\u00f3 su paso por el Rojo, record\u00f3 su hist\u00f3rico gol ante Racing y manifest\u00f3 que desea volver al club.<\/strong><\/p>\n<p><strong>&#8220;Llegu\u00e9 a la Argentina cuando ten\u00eda un a\u00f1o. A los cinco comenc\u00e9 a jugar en un club de Avellaneda. A los nueve, me prob\u00e9 en Independiente y no qued\u00e9. Al a\u00f1o siguiente fui y qued\u00e9. Era dif\u00edcil entrenar en inferiores en ese tiempo&#8221;<\/strong>, empez\u00f3 contando el defensor sobre sus inicios y agreg\u00f3: &#8220;<strong>Siempre recuerdo que con mis compa\u00f1eros perd\u00edamos las monedas y no nos pod\u00edamos tomar el colectivo para ir a entrenar. Por eso nos \u00edbamos caminando&#8221;.<\/strong><\/p>\n<p>En la misma l\u00ednea, el actual futbolista de Guaran\u00ed de Paraguay coment\u00f3: <strong>&#8220;Mi debut en la Primera fue de un d\u00eda para el otro. El Rojo no ven\u00eda bien. Uno se manejaba con jugadores de la misma edad y pegar el salto con futbolistas de experiencia es algo muy lindo. A m\u00ed me ense\u00f1aron desde chico qu\u00e9 es Independiente. El sentido de pertenencia que te inculcan desde inferiores es algo que te queda grabado&#8221;.<\/strong><\/p>\n<p>Con respecto a su recordado gol que le dio la victoria al Rey de Copas 1-0 en el cl\u00e1sico del Apertura 2010, el paraguayo dijo: &#8220;<strong>Me cambi\u00f3 la vida<\/strong>.\u00a0<strong>Esa noche me explot\u00f3 el celular de tantos mensajes.<\/strong>\u00a0<strong>Fue<\/strong>\u00a0<strong>algo incre\u00edble.<\/strong> <strong>Antes del partido, estaba muy nervioso porque era mi cuarto o quinto partido en Primera. El tanto fue un alivio porque no hab\u00eda jugado como quer\u00eda&#8221;.<\/strong><\/p>\n<p>Por su parte, el defensor que disput\u00f3 apenas 14 partidos en el Rojo tambi\u00e9n fue parte del plantel que consigui\u00f3 la Copa Sudamericana 2010 y asegur\u00f3<em>: <\/em><strong>&#8220;Ten\u00eda 20 a\u00f1os y tuve el honor de levantar una Copa Internacional con el Rojo. Siempre estoy agradecido a Dios. Tengo encuadrada la camiseta n\u00famero 13, que fue la que us\u00e9, junto con la medalla de campe\u00f3n&#8221;.<\/strong><\/p>\n<p><strong>&#8220;Me gustar\u00eda volver a Independiente. Ya no me siento el jugador que estaba antes, aunque reconozco que hoy en d\u00eda tiene buenos defensores.\u00a0Este club es el amor de mi vida y pr\u00e1cticamente me dio todo y me form\u00f3 como profesional&#8221;<\/strong>, sentenci\u00f3 B\u00e1ez en di\u00e1logo con La Visera acerca de su deseo de volver a la instituci\u00f3n.<\/p>\n<p><iframe loading=\"lazy\" src=\"https:\/\/www.youtube.com\/embed\/nrm9hwDfIc0?start=88\" width=\"560\" height=\"315\" frameborder=\"0\" allowfullscreen=\"allowfullscreen\"><\/iframe><\/p>\n","protected":false},"excerpt":{"rendered":"<p>Javier B\u00e1ez, ex jugador de Independiente, dialog\u00f3 con la prensa y cont\u00f3 lo que signific\u00f3 su paso por el Rojo, record\u00f3 su hist\u00f3rico gol ante Racing y manifest\u00f3 que desea volver al club. &#8220;Llegu\u00e9 a la Argentina cuando ten\u00eda un a\u00f1o. A los cinco comenc\u00e9 a jugar en un club de Avellaneda. A los nueve, [&hellip;]<\/p>\n","protected":false},"author":101017,"featured_media":88619,"comment_status":"open","ping_status":"closed","sticky":false,"template":"","format":"standard","meta":{"_links_to":"","_links_to_target":""},"categories":[3280,3247],"tags":[325,3942,153,4519,221],"_links":{"self":[{"href":"https:\/\/www.locoxelrojo.com\/independiente\/wp-json\/wp\/v2\/posts\/88618"}],"collection":[{"href":"https:\/\/www.locoxelrojo.com\/independiente\/wp-json\/wp\/v2\/posts"}],"about":[{"href":"https:\/\/www.locoxelrojo.com\/independiente\/wp-json\/wp\/v2\/types\/post"}],"author":[{"embeddable":true,"href":"https:\/\/www.locoxelrojo.com\/independiente\/wp-json\/wp\/v2\/users\/101017"}],"replies":[{"embeddable":true,"href":"https:\/\/www.locoxelrojo.com\/independiente\/wp-json\/wp\/v2\/comments?post=88618"}],"version-history":[{"count":2,"href":"https:\/\/www.locoxelrojo.com\/independiente\/wp-json\/wp\/v2\/posts\/88618\/revisions"}],"predecessor-version":[{"id":88627,"href":"https:\/\/www.locoxelrojo.com\/independiente\/wp-json\/wp\/v2\/posts\/88618\/revisions\/88627"}],"wp:featuredmedia":[{"embeddable":true,"href":"https:\/\/www.locoxelrojo.com\/independiente\/wp-json\/wp\/v2\/media\/88619"}],"wp:attachment":[{"href":"https:\/\/www.locoxelrojo.com\/independiente\/wp-json\/wp\/v2\/media?parent=88618"}],"wp:term":[{"taxonomy":"category","embeddable":true,"href":"https:\/\/www.locoxelrojo.com\/independiente\/wp-json\/wp\/v2\/categories?post=88618"},{"taxonomy":"post_tag","embeddable":true,"href":"https:\/\/www.locoxelrojo.com\/independiente\/wp-json\/wp\/v2\/tags?post=88618"}],"curies":[{"name":"wp","href":"https:\/\/api.w.org\/{rel}","templated":true}]}}