{"id":8878,"date":"2011-06-15T13:18:20","date_gmt":"2011-06-15T16:18:20","guid":{"rendered":"http:\/\/www.locoxelrojo.com.ar\/independiente\/?p=8878"},"modified":"2011-06-15T13:18:20","modified_gmt":"2011-06-15T16:18:20","slug":"practica-de-futbol-2","status":"publish","type":"post","link":"https:\/\/www.locoxelrojo.com\/independiente\/2011\/06\/15\/practica-de-futbol-2\/","title":{"rendered":"Pr\u00e1ctica de f\u00fatbol"},"content":{"rendered":"<p><a href=\"http:\/\/www.locoxelrojo.com.ar\/independiente\/wp-content\/uploads\/2011\/06\/entrenamiento_independiente2.jpg\"><img loading=\"lazy\" class=\"alignnone size-full wp-image-8882\" title=\"entrenamiento_independiente\" src=\"http:\/\/www.locoxelrojo.com.ar\/independiente\/wp-content\/uploads\/2011\/06\/entrenamiento_independiente2.jpg\" alt=\"\" width=\"590\" height=\"315\" srcset=\"https:\/\/locoxelrojo.com\/independiente\/wp-content\/uploads\/2011\/06\/entrenamiento_independiente2.jpg 590w, https:\/\/locoxelrojo.com\/independiente\/wp-content\/uploads\/2011\/06\/entrenamiento_independiente2-300x160.jpg 300w\" sizes=\"(max-width: 590px) 100vw, 590px\" \/><\/a><\/p>\n<p>Independiente se entren\u00f3 en Villa Dom\u00ednico a pesar de la lluvia y hubo pr\u00e1ctica de f\u00fatbol. El arco volvi\u00f3 a ser ocupado por Hilario Navarro y Adri\u00e1n Gabbarini probablemente no concentre considerando sus dichos de ayer por la noche cuando cont\u00f3 que ser\u00eda infiltrado por Luis Chiarad\u00eda de cara a la recuperaci\u00f3n previa a la pretemporada.<\/p>\n<p>En cuanto al 11 titular, tambi\u00e9n volvieron Juli\u00e1n Vel\u00e1zquez y Eduardo Tuzzio. Patricio Rodr\u00edguez ser\u00e1 titular pero no form\u00f3 parte de la pr\u00e1ctica de f\u00fatbol para evitar problemas con su rodilla. Los titulares fueron <strong>Hilario Navarro;  Javier B\u00e1ez, Eduardo Tuzzio, Juli\u00e1n Vel\u00e1zquez; Iv\u00e1n V\u00e9lez, Cristian  Pellerano, Maximiliano Vel\u00e1zquez; Lucas Villafa\u00f1ez; Facundo Parra y  Andr\u00e9s Silvera. <\/strong><\/p>\n<p>Los titulares ganaron 1-0 y la \u00fanica modificaci\u00f3n ser\u00e1 el ingreso de Patricio Rodr\u00edguez por Lucas Villafa\u00f1ez. Por otro lado, qued\u00f3 confirmada la reserva a las 11 de la ma\u00f1ana del s\u00e1bado en Villa Dom\u00ednico.<\/p>\n","protected":false},"excerpt":{"rendered":"<p>Independiente se entren\u00f3 en Villa Dom\u00ednico a pesar de la lluvia y hubo pr\u00e1ctica de f\u00fatbol. El arco volvi\u00f3 a ser ocupado por Hilario Navarro y Adri\u00e1n Gabbarini probablemente no concentre considerando sus dichos de ayer por la noche cuando cont\u00f3 que ser\u00eda infiltrado por Luis Chiarad\u00eda de cara a la recuperaci\u00f3n previa a la [&hellip;]<\/p>\n","protected":false},"author":1,"featured_media":0,"comment_status":"open","ping_status":"open","sticky":false,"template":"","format":"standard","meta":{"_links_to":"","_links_to_target":""},"categories":[3,1],"tags":[153,135,32,41],"_links":{"self":[{"href":"https:\/\/www.locoxelrojo.com\/independiente\/wp-json\/wp\/v2\/posts\/8878"}],"collection":[{"href":"https:\/\/www.locoxelrojo.com\/independiente\/wp-json\/wp\/v2\/posts"}],"about":[{"href":"https:\/\/www.locoxelrojo.com\/independiente\/wp-json\/wp\/v2\/types\/post"}],"author":[{"embeddable":true,"href":"https:\/\/www.locoxelrojo.com\/independiente\/wp-json\/wp\/v2\/users\/1"}],"replies":[{"embeddable":true,"href":"https:\/\/www.locoxelrojo.com\/independiente\/wp-json\/wp\/v2\/comments?post=8878"}],"version-history":[{"count":0,"href":"https:\/\/www.locoxelrojo.com\/independiente\/wp-json\/wp\/v2\/posts\/8878\/revisions"}],"wp:attachment":[{"href":"https:\/\/www.locoxelrojo.com\/independiente\/wp-json\/wp\/v2\/media?parent=8878"}],"wp:term":[{"taxonomy":"category","embeddable":true,"href":"https:\/\/www.locoxelrojo.com\/independiente\/wp-json\/wp\/v2\/categories?post=8878"},{"taxonomy":"post_tag","embeddable":true,"href":"https:\/\/www.locoxelrojo.com\/independiente\/wp-json\/wp\/v2\/tags?post=8878"}],"curies":[{"name":"wp","href":"https:\/\/api.w.org\/{rel}","templated":true}]}}