{"id":888,"date":"2010-09-12T22:10:59","date_gmt":"2010-09-13T01:10:59","guid":{"rendered":"http:\/\/www.locoxelrojo.com.ar\/independiente\/?p=888"},"modified":"2015-09-09T00:56:40","modified_gmt":"2015-09-09T03:56:40","slug":"roberto-battion-estamos-en-el-lugar-que-nos-merecemos-por-como-venimos-jugando","status":"publish","type":"post","link":"https:\/\/www.locoxelrojo.com\/independiente\/2010\/09\/12\/roberto-battion-estamos-en-el-lugar-que-nos-merecemos-por-como-venimos-jugando\/","title":{"rendered":"Batti\u00f3n: &#8220;Estamos en el lugar que nos merecemos por c\u00f3mo venimos jugando&#8221;"},"content":{"rendered":"<p><a href=\"http:\/\/www.locoxelrojo.com.ar\/independiente\/wp-content\/uploads\/2010\/09\/battion-quilmes.jpg\"><img loading=\"lazy\" class=\"alignnone size-full wp-image-889\" title=\"battion-quilmes\" src=\"http:\/\/www.locoxelrojo.com.ar\/independiente\/wp-content\/uploads\/2010\/09\/battion-quilmes.jpg\" alt=\"\" width=\"550\" height=\"315\" srcset=\"https:\/\/locoxelrojo.com\/independiente\/wp-content\/uploads\/2010\/09\/battion-quilmes.jpg 550w, https:\/\/locoxelrojo.com\/independiente\/wp-content\/uploads\/2010\/09\/battion-quilmes-300x171.jpg 300w\" sizes=\"(max-width: 550px) 100vw, 550px\" \/><\/a><\/p>\n<p>Roberto Batti\u00f3n volvi\u00f3 a la actividad y fue notoria su falta de contundencia a la hora de pasar la pelota. Si bien en lo f\u00edsico no se lo vio con problemas. El volante central reconoci\u00f3 que no esta en \u00f3ptimas condiciones.<\/p>\n<p>En primera instancia, Batti\u00f3n asumi\u00f3 la responsabilidad de un nuevo resultado adverso. &#8220;<strong>Nosotros somos los actores principales porque no encontramos el funcionamiento. Tenemos que revertirlo con trabajo. No s\u00e9 si estamos fuera del campeonato pero estamos muy lejos. Antes de pensar en el campeonato tenemos que pensar en el funcionamiento del equipo. De esta manera no podemos pensar en el campeonato ni en nada.<\/strong>&#8220;, lament\u00f3.<\/p>\n<p>Sobre el peor comienzo en la historia de Independiente en un campeonato corto, el 5 reconoci\u00f3 que &#8220;<strong>estamos en el lugar que nos merecemos por como venimos jugando. La mayor\u00eda de los muchachos que estamos ac\u00e1 tenemos bronca, a nadie le gusta estar donde estamos. Da bronca pero es la realidad<\/strong>&#8220;.<\/p>\n<p>Las respuestas al mal rendimiento comenzar\u00e1n entonces a revertirse con la vuelta a los entrenamientos. &#8220;<strong>Se est\u00e1 jugando mal, el equipo no se encuentra. Con Newells se hab\u00eda mejorado mucho y hoy se volvi\u00f3 a dar un paso atr\u00e1s. No queda otra que entrenar, trabajar y poner todas las ganas de cada uno para revertir la situaci\u00f3n&#8221;<\/strong>, dijo Batti\u00f3n.<\/p>\n<p>En cuanto al an\u00e1lisis de partido, el 5 dio su mirada: &#8220;<strong>la vez que intentamos ir para adelante no pudimos hacer 3 pases seguidos, estuvimos imprecisos, la cancha est\u00e1 mala. Eso no es bueno porque intentamos jugar pero con las imprecisiones eso no es bueno para el juego.<\/strong>&#8221; Igualmente, la manera de mejorar es ponerle el pecho entre todos. &#8220;<strong>Ahora hay que calmarse, serenarse, entrenar y poner lo mejor de cada uno para que esto se de vuelta.<\/strong>&#8220;, cerr\u00f3 sobre el tema.<\/p>\n<p>En cuanto a los objetivos pr\u00f3ximos, para Batti\u00f3n es dif\u00edcil plante\u00e1rselos cuando el plantel no tiene una idea clara del juego asociado. &#8220;<strong>Primero hay que empezar a encontrar el funcionamiento y despu\u00e9s se ver\u00e1 para qu\u00e9 estamos. El mejor partido fue el de Newells y despu\u00e9s estamos donde corresponde. La realidad es que jugamos mal y conf\u00edo en los compa\u00f1eros y en el t\u00e9cnico de que esto se va a revertir con sacrificio<\/strong>&#8220;, prometi\u00f3.<\/p>\n<p>Independiente volver\u00e1 a las pr\u00e1cticas el martes a las 9 am y ma\u00f1ana tendr\u00e1 el d\u00eda libre. Batti\u00f3n pareciera que ya quer\u00eda estar ah\u00ed para comenzar a trabajar nuevamente y levantar cabeza. Se lo ve\u00eda avergonzado. &#8220;<strong>No puedo pensar m\u00e1s all\u00e1 del martes, hay que entrenarse, mejorar la situaci\u00f3n y el juego. Tuvimos la suerte que pasamos el otro d\u00eda. Se jug\u00f3 con mucha entrega y eso es muy bueno. Ahora la oportunidad de cambiar est\u00e1 en nosotros.<\/strong>&#8220;, justic\u00f3.<\/p>\n<p>En lo personal, el volante se siente en deuda puesto a que no ha logrado estar nunca en condiciones f\u00edsicas por diferentes adversidades que fueron surgiendo. Sin embargo, el t\u00e9cnico sigue optando por incluirlo entre los 11. &#8220;<strong>No tuve todav\u00eda una semana completa de entrenamiento, me tocaron algunas lesiones que no me esperaba pero voy a tratar de meterle para ganar en lo f\u00edsico y en el ritmo de juego<\/strong>&#8220;, asegur\u00f3. Por otro lado, Batti\u00f3n desea mejorar r\u00e1pidamente. &#8220;<strong>Supongo que con el correr de los partidos ir\u00e9 mejorando. Eso es lo que anhelo<\/strong>&#8220;, concluy\u00f3.<\/p>\n","protected":false},"excerpt":{"rendered":"<p>Roberto Batti\u00f3n volvi\u00f3 a la actividad y fue notoria su falta de contundencia a la hora de pasar la pelota. Si bien en lo f\u00edsico no se lo vio con problemas. El volante central reconoci\u00f3 que no esta en \u00f3ptimas condiciones. En primera instancia, Batti\u00f3n asumi\u00f3 la responsabilidad de un nuevo resultado adverso. &#8220;Nosotros somos [&hellip;]<\/p>\n","protected":false},"author":1,"featured_media":0,"comment_status":"open","ping_status":"open","sticky":false,"template":"","format":"standard","meta":{"_links_to":"","_links_to_target":""},"categories":[3,1],"tags":[31],"_links":{"self":[{"href":"https:\/\/www.locoxelrojo.com\/independiente\/wp-json\/wp\/v2\/posts\/888"}],"collection":[{"href":"https:\/\/www.locoxelrojo.com\/independiente\/wp-json\/wp\/v2\/posts"}],"about":[{"href":"https:\/\/www.locoxelrojo.com\/independiente\/wp-json\/wp\/v2\/types\/post"}],"author":[{"embeddable":true,"href":"https:\/\/www.locoxelrojo.com\/independiente\/wp-json\/wp\/v2\/users\/1"}],"replies":[{"embeddable":true,"href":"https:\/\/www.locoxelrojo.com\/independiente\/wp-json\/wp\/v2\/comments?post=888"}],"version-history":[{"count":0,"href":"https:\/\/www.locoxelrojo.com\/independiente\/wp-json\/wp\/v2\/posts\/888\/revisions"}],"wp:attachment":[{"href":"https:\/\/www.locoxelrojo.com\/independiente\/wp-json\/wp\/v2\/media?parent=888"}],"wp:term":[{"taxonomy":"category","embeddable":true,"href":"https:\/\/www.locoxelrojo.com\/independiente\/wp-json\/wp\/v2\/categories?post=888"},{"taxonomy":"post_tag","embeddable":true,"href":"https:\/\/www.locoxelrojo.com\/independiente\/wp-json\/wp\/v2\/tags?post=888"}],"curies":[{"name":"wp","href":"https:\/\/api.w.org\/{rel}","templated":true}]}}