{"id":88828,"date":"2020-07-20T19:30:06","date_gmt":"2020-07-20T22:30:06","guid":{"rendered":"http:\/\/www.locoxelrojo.com\/independiente\/?p=88828"},"modified":"2020-07-20T22:30:32","modified_gmt":"2020-07-21T01:30:32","slug":"las-anecdotas-de-faryd-de-la-supercopa-1995","status":"publish","type":"post","link":"https:\/\/www.locoxelrojo.com\/independiente\/2020\/07\/20\/las-anecdotas-de-faryd-de-la-supercopa-1995\/","title":{"rendered":"Las an\u00e9cdotas de Faryd de la Supercopa 1995"},"content":{"rendered":"<p><a href=\"https:\/\/www.locoxelrojo.com\/independiente\/2020\/07\/20\/mondragon-me-encantaria-colaborar-con-el-club\/\">Luego de referirse a la actualidad del club<\/a>, <strong>Faryd Mondrag\u00f3n<\/strong> mencion\u00f3 dos recuerdos del torneo que culmin\u00f3 con el primer Maracanazo de Independiente en di\u00e1logo con Daiana Lombardi desde el Instagram del Departamento de G\u00e9nero y Diversidad por la Inclusi\u00f3n y la Equidad.<\/p>\n<p><strong>&#8220;En diciembre pudimos coronar con el t\u00edtulo en el Maracan\u00e1. Fue mi primer t\u00edtulo. Por eso digo que Independiente es tan especial y si nunca has ganado un t\u00edtulo en tu vida, ven a Independiente que gan\u00e1s uno seguro. Y a los seis meses me pas\u00f3&#8221;<\/strong>, narr\u00f3 el colombiano.<\/p>\n<p>Pero antes de llegar a la instancia decisiva, Independiente elimin\u00f3 a River en semifinales por penales tras un 2-2 global. Sobre ese partido, Mondrag\u00f3n record\u00f3 una an\u00e9cdota con <strong>Carlos Bustos<\/strong>: <strong>&#8220;Cuando nos reunimos, ni puse atenci\u00f3n. Lo que le digo al equipo es: &#8216;Ustedes tranquilos que yo atajo dos penales y me fui&#8217;. Ortega remata el tiro contra el travesa\u00f1o y le atajo a Gabriel Amato. El \u00faltimo penal, cuando veo que era Carlitos Bustos, dec\u00eda &#8216;no, no, que patee otro&#8217;. Pero lo termin\u00f3 pateando con una calidad&#8221;<\/strong>.<\/p>\n<p><iframe loading=\"lazy\" src=\"https:\/\/www.youtube.com\/embed\/WsTO1ieqNqM\" width=\"560\" height=\"315\" frameborder=\"0\" allowfullscreen=\"allowfullscreen\"><\/iframe><\/p>\n<p>Y la segunda fue con Cristian Domizzi, en el m\u00edtico Maracan\u00e1. <strong>&#8220;En una salgo a cortar un centro y Romario me choca, pero bien, me pide disculpas y el P\u00e1jaro me dice: &#8216;Nada de disculpas pana, rompelo todo&#8217;. Y despu\u00e9s lo terminan expulsando. Con 10 terminamos aguantando, fue la sensaci\u00f3n m\u00e1s divina porque era mi primer t\u00edtulo&#8221;<\/strong>, se\u00f1al\u00f3 para finalizar.<\/p>\n<p><iframe loading=\"lazy\" src=\"https:\/\/www.youtube.com\/embed\/3z5OT7W5yKg\" width=\"560\" height=\"315\" frameborder=\"0\" allowfullscreen=\"allowfullscreen\"><\/iframe><\/p>\n","protected":false},"excerpt":{"rendered":"<p>Luego de referirse a la actualidad del club, Faryd Mondrag\u00f3n mencion\u00f3 dos recuerdos del torneo que culmin\u00f3 con el primer Maracanazo de Independiente en di\u00e1logo con Daiana Lombardi desde el Instagram del Departamento de G\u00e9nero y Diversidad por la Inclusi\u00f3n y la Equidad. &#8220;En diciembre pudimos coronar con el t\u00edtulo en el Maracan\u00e1. Fue mi [&hellip;]<\/p>\n","protected":false},"author":101025,"featured_media":88829,"comment_status":"open","ping_status":"closed","sticky":false,"template":"","format":"standard","meta":{"_links_to":"","_links_to_target":""},"categories":[3280,3247],"tags":[3700,153,1862,1861,3134,2783],"_links":{"self":[{"href":"https:\/\/www.locoxelrojo.com\/independiente\/wp-json\/wp\/v2\/posts\/88828"}],"collection":[{"href":"https:\/\/www.locoxelrojo.com\/independiente\/wp-json\/wp\/v2\/posts"}],"about":[{"href":"https:\/\/www.locoxelrojo.com\/independiente\/wp-json\/wp\/v2\/types\/post"}],"author":[{"embeddable":true,"href":"https:\/\/www.locoxelrojo.com\/independiente\/wp-json\/wp\/v2\/users\/101025"}],"replies":[{"embeddable":true,"href":"https:\/\/www.locoxelrojo.com\/independiente\/wp-json\/wp\/v2\/comments?post=88828"}],"version-history":[{"count":1,"href":"https:\/\/www.locoxelrojo.com\/independiente\/wp-json\/wp\/v2\/posts\/88828\/revisions"}],"predecessor-version":[{"id":88830,"href":"https:\/\/www.locoxelrojo.com\/independiente\/wp-json\/wp\/v2\/posts\/88828\/revisions\/88830"}],"wp:featuredmedia":[{"embeddable":true,"href":"https:\/\/www.locoxelrojo.com\/independiente\/wp-json\/wp\/v2\/media\/88829"}],"wp:attachment":[{"href":"https:\/\/www.locoxelrojo.com\/independiente\/wp-json\/wp\/v2\/media?parent=88828"}],"wp:term":[{"taxonomy":"category","embeddable":true,"href":"https:\/\/www.locoxelrojo.com\/independiente\/wp-json\/wp\/v2\/categories?post=88828"},{"taxonomy":"post_tag","embeddable":true,"href":"https:\/\/www.locoxelrojo.com\/independiente\/wp-json\/wp\/v2\/tags?post=88828"}],"curies":[{"name":"wp","href":"https:\/\/api.w.org\/{rel}","templated":true}]}}