{"id":88909,"date":"2020-07-27T16:08:01","date_gmt":"2020-07-27T19:08:01","guid":{"rendered":"http:\/\/www.locoxelrojo.com\/independiente\/?p=88909"},"modified":"2020-07-27T16:08:01","modified_gmt":"2020-07-27T19:08:01","slug":"carrizo-hoy-los-jugadores-solo-valoran-ganar-dinero","status":"publish","type":"post","link":"https:\/\/www.locoxelrojo.com\/independiente\/2020\/07\/27\/carrizo-hoy-los-jugadores-solo-valoran-ganar-dinero\/","title":{"rendered":"Carrizo: &#8220;Hoy los jugadores solo valoran ganar dinero&#8221;"},"content":{"rendered":"<p><strong>Sebasti\u00e1n Carrizo<\/strong>, exmediocampista de Independiente, se refiri\u00f3 a los reclamos que hacen algunos de los futbolistas del plantel y, lejos de ponerse del lado del jugador, pidi\u00f3 que ellos sean <strong>&#8220;m\u00e1s humanos&#8221;<\/strong> con el Club.<\/p>\n<p><strong>&#8220;Lo que hoy se cobra, diez a\u00f1os atr\u00e1s no se cobraba. Hay que ser solidario. Veo que no se quieren bajar el sueldo cuando en Barcelona lo hicieron&#8221;<\/strong>, comenz\u00f3 Carrizo en di\u00e1logo con Emoci\u00f3n Roja.<\/p>\n<p>Y puntualiz\u00f3 en los casos de <strong>Gast\u00f3n Silva<\/strong>, <a href=\"https:\/\/www.locoxelrojo.com\/independiente\/2020\/07\/27\/gaston-silva-rompio-el-silencio-y-acuso-extorsion\/\">quien hoy rompi\u00f3 el silencio y dispar\u00f3 contra la dirigencia<\/a>, y de <strong>Cecilio Dom\u00ednguez<\/strong>. <strong>&#8220;No entiendo que ambos reclamen. Deber\u00edan ver en qu\u00e9 Club est\u00e1n y estar orgullosos. Hoy los jugadores no valoran eso, solo valoran ganar dinero&#8221;<\/strong>, agreg\u00f3.<\/p>\n<p>Por otro lado, Carrizo, quien hoy se desempe\u00f1a como formador de un club cordob\u00e9s, hizo menci\u00f3n al trabajo de Lucas Pusineri y pidi\u00f3 paciencia al hincha. <strong>&#8220;Hay que dejarlo trabajar, todo proceso tiene su tiempo. Me gustar\u00eda ayudar en Independiente, hoy estoy en C\u00f3rdoba pero mi idea es progresar&#8221;<\/strong>, concluy\u00f3.<\/p>\n<p><iframe loading=\"lazy\" width=\"560\" height=\"315\" src=\"https:\/\/www.youtube.com\/embed\/DKz3quVLDsk\" frameborder=\"0\" allow=\"accelerometer; autoplay; encrypted-media; gyroscope; picture-in-picture\" allowfullscreen><\/iframe><\/p>\n","protected":false},"excerpt":{"rendered":"<p>Sebasti\u00e1n Carrizo, exmediocampista de Independiente, se refiri\u00f3 a los reclamos que hacen algunos de los futbolistas del plantel y, lejos de ponerse del lado del jugador, pidi\u00f3 que ellos sean &#8220;m\u00e1s humanos&#8221; con el Club. &#8220;Lo que hoy se cobra, diez a\u00f1os atr\u00e1s no se cobraba. Hay que ser solidario. Veo que no se quieren [&hellip;]<\/p>\n","protected":false},"author":19,"featured_media":88910,"comment_status":"open","ping_status":"closed","sticky":false,"template":"","format":"standard","meta":{"_links_to":"","_links_to_target":""},"categories":[3280,3247],"tags":[4104,153,3557,145,4605],"_links":{"self":[{"href":"https:\/\/www.locoxelrojo.com\/independiente\/wp-json\/wp\/v2\/posts\/88909"}],"collection":[{"href":"https:\/\/www.locoxelrojo.com\/independiente\/wp-json\/wp\/v2\/posts"}],"about":[{"href":"https:\/\/www.locoxelrojo.com\/independiente\/wp-json\/wp\/v2\/types\/post"}],"author":[{"embeddable":true,"href":"https:\/\/www.locoxelrojo.com\/independiente\/wp-json\/wp\/v2\/users\/19"}],"replies":[{"embeddable":true,"href":"https:\/\/www.locoxelrojo.com\/independiente\/wp-json\/wp\/v2\/comments?post=88909"}],"version-history":[{"count":2,"href":"https:\/\/www.locoxelrojo.com\/independiente\/wp-json\/wp\/v2\/posts\/88909\/revisions"}],"predecessor-version":[{"id":88918,"href":"https:\/\/www.locoxelrojo.com\/independiente\/wp-json\/wp\/v2\/posts\/88909\/revisions\/88918"}],"wp:featuredmedia":[{"embeddable":true,"href":"https:\/\/www.locoxelrojo.com\/independiente\/wp-json\/wp\/v2\/media\/88910"}],"wp:attachment":[{"href":"https:\/\/www.locoxelrojo.com\/independiente\/wp-json\/wp\/v2\/media?parent=88909"}],"wp:term":[{"taxonomy":"category","embeddable":true,"href":"https:\/\/www.locoxelrojo.com\/independiente\/wp-json\/wp\/v2\/categories?post=88909"},{"taxonomy":"post_tag","embeddable":true,"href":"https:\/\/www.locoxelrojo.com\/independiente\/wp-json\/wp\/v2\/tags?post=88909"}],"curies":[{"name":"wp","href":"https:\/\/api.w.org\/{rel}","templated":true}]}}