{"id":88989,"date":"2020-07-31T12:53:22","date_gmt":"2020-07-31T15:53:22","guid":{"rendered":"http:\/\/www.locoxelrojo.com\/independiente\/?p=88989"},"modified":"2020-07-31T12:54:05","modified_gmt":"2020-07-31T15:54:05","slug":"que-dijo-burruchaga-sobre-la-posible-venta-de-alan-franco","status":"publish","type":"post","link":"https:\/\/www.locoxelrojo.com\/independiente\/2020\/07\/31\/que-dijo-burruchaga-sobre-la-posible-venta-de-alan-franco\/","title":{"rendered":"\u00bfQu\u00e9 dijo Burruchaga sobre la posible venta de Alan Franco?"},"content":{"rendered":"<p><strong>Jorge Burruchaga<\/strong> va de reuni\u00f3n en reuni\u00f3n en este mercado de pases. El m\u00e1nager de Independiente <strong>brind\u00f3 detalles sobre el futuro de Alan Franco en dialogo con De La Cuna Al Infierno.<\/strong><\/p>\n<p><a href=\"https:\/\/www.locoxelrojo.com\/independiente\/2020\/07\/30\/aceleran-la-venta-de-alan-franco\/\">Sobre la posible venta del central<\/a>, Burru aclar\u00f3: <strong>\u201cPor Franco fue una charla y no se puede decir que estamos cerca o lejos. Hay distintos factores que atender del lado nuestro y el de ellos. Seguiremos charlando\u201d<\/strong>.<\/p>\n<p><strong>Burruchaga y Lucas Pusineri, se pusieron de acuerdo en pedirle a los dirigentes que se vaya el que no quiera estar en el Rojo y pidieron la continuidad del defensor<\/strong>. La oferta de Dinamo Zagreb modific\u00f3 ese factor y est\u00e1n negociando con el club de Croacia.<\/p>\n","protected":false},"excerpt":{"rendered":"<p>Jorge Burruchaga va de reuni\u00f3n en reuni\u00f3n en este mercado de pases. El m\u00e1nager de Independiente brind\u00f3 detalles sobre el futuro de Alan Franco en dialogo con De La Cuna Al Infierno. Sobre la posible venta del central, Burru aclar\u00f3: \u201cPor Franco fue una charla y no se puede decir que estamos cerca o lejos. [&hellip;]<\/p>\n","protected":false},"author":101024,"featured_media":84046,"comment_status":"open","ping_status":"closed","sticky":false,"template":"","format":"standard","meta":{"_links_to":"","_links_to_target":""},"categories":[3247,3],"tags":[3231,1580],"_links":{"self":[{"href":"https:\/\/www.locoxelrojo.com\/independiente\/wp-json\/wp\/v2\/posts\/88989"}],"collection":[{"href":"https:\/\/www.locoxelrojo.com\/independiente\/wp-json\/wp\/v2\/posts"}],"about":[{"href":"https:\/\/www.locoxelrojo.com\/independiente\/wp-json\/wp\/v2\/types\/post"}],"author":[{"embeddable":true,"href":"https:\/\/www.locoxelrojo.com\/independiente\/wp-json\/wp\/v2\/users\/101024"}],"replies":[{"embeddable":true,"href":"https:\/\/www.locoxelrojo.com\/independiente\/wp-json\/wp\/v2\/comments?post=88989"}],"version-history":[{"count":1,"href":"https:\/\/www.locoxelrojo.com\/independiente\/wp-json\/wp\/v2\/posts\/88989\/revisions"}],"predecessor-version":[{"id":88990,"href":"https:\/\/www.locoxelrojo.com\/independiente\/wp-json\/wp\/v2\/posts\/88989\/revisions\/88990"}],"wp:featuredmedia":[{"embeddable":true,"href":"https:\/\/www.locoxelrojo.com\/independiente\/wp-json\/wp\/v2\/media\/84046"}],"wp:attachment":[{"href":"https:\/\/www.locoxelrojo.com\/independiente\/wp-json\/wp\/v2\/media?parent=88989"}],"wp:term":[{"taxonomy":"category","embeddable":true,"href":"https:\/\/www.locoxelrojo.com\/independiente\/wp-json\/wp\/v2\/categories?post=88989"},{"taxonomy":"post_tag","embeddable":true,"href":"https:\/\/www.locoxelrojo.com\/independiente\/wp-json\/wp\/v2\/tags?post=88989"}],"curies":[{"name":"wp","href":"https:\/\/api.w.org\/{rel}","templated":true}]}}