{"id":88991,"date":"2020-07-31T13:10:41","date_gmt":"2020-07-31T16:10:41","guid":{"rendered":"http:\/\/www.locoxelrojo.com\/independiente\/?p=88991"},"modified":"2020-07-31T13:10:41","modified_gmt":"2020-07-31T16:10:41","slug":"faryd-mondragon-tendra-un-cargo-importante","status":"publish","type":"post","link":"https:\/\/www.locoxelrojo.com\/independiente\/2020\/07\/31\/faryd-mondragon-tendra-un-cargo-importante\/","title":{"rendered":"Faryd Mondrag\u00f3n tendr\u00e1 un cargo importante"},"content":{"rendered":"<p><strong>Faryd Mondrag\u00f3n cerrar\u00e1 su llegada a Independiente para ocupar un cargo importante dentro del club.<\/strong><\/p>\n<p>El ex arquero del Rojo asumir\u00e1 en los pr\u00f3ximos d\u00edas como <strong>Director de Relaciones Internacionales del Club Atl\u00e9tico Independiente<\/strong>. Algo que el club viene trabajando hace varios meses, pero por otros compromisos que tiene el colombiano no se pod\u00eda confirmar.<\/p>\n<p>\u00bfCu\u00e1l ser\u00e1 su tarea? <strong>El cargo estar\u00e1 ligado al Departamento de Marketing, con la idea de hacer crecer la marca Independiente en el plano internacional. Afianzando el v\u00ednculo con otro clubes del mundo y adem\u00e1s, siendo la cara del Rojo en los distintos eventos y reuniones que est\u00e9n ligadas a CONMEBOL y FIFA<\/strong>. Por otro lado, <strong>tambi\u00e9n har\u00e1 las veces de colaborador de Jorge Burruchaga, con quien fueron compa\u00f1eros, d\u00e1ndole soporte en distintas acciones ligadas al f\u00fatbol profesional<\/strong>.<\/p>\n<p>Mondrag\u00f3n fue clave en la continuidad de Andr\u00e9s Roa y pieza fundamental para destrabar el conflicto con Deportivo Cali. <strong>\u00a1\u00c9xitos Faryd, y bienvenido nuevamente a tu casa!<\/strong><\/p>\n","protected":false},"excerpt":{"rendered":"<p>Faryd Mondrag\u00f3n cerrar\u00e1 su llegada a Independiente para ocupar un cargo importante dentro del club. El ex arquero del Rojo asumir\u00e1 en los pr\u00f3ximos d\u00edas como Director de Relaciones Internacionales del Club Atl\u00e9tico Independiente. Algo que el club viene trabajando hace varios meses, pero por otros compromisos que tiene el colombiano no se pod\u00eda confirmar. [&hellip;]<\/p>\n","protected":false},"author":1,"featured_media":88992,"comment_status":"open","ping_status":"closed","sticky":false,"template":"","format":"standard","meta":{"_links_to":"","_links_to_target":""},"categories":[3280,3247],"tags":[153,1861],"_links":{"self":[{"href":"https:\/\/www.locoxelrojo.com\/independiente\/wp-json\/wp\/v2\/posts\/88991"}],"collection":[{"href":"https:\/\/www.locoxelrojo.com\/independiente\/wp-json\/wp\/v2\/posts"}],"about":[{"href":"https:\/\/www.locoxelrojo.com\/independiente\/wp-json\/wp\/v2\/types\/post"}],"author":[{"embeddable":true,"href":"https:\/\/www.locoxelrojo.com\/independiente\/wp-json\/wp\/v2\/users\/1"}],"replies":[{"embeddable":true,"href":"https:\/\/www.locoxelrojo.com\/independiente\/wp-json\/wp\/v2\/comments?post=88991"}],"version-history":[{"count":1,"href":"https:\/\/www.locoxelrojo.com\/independiente\/wp-json\/wp\/v2\/posts\/88991\/revisions"}],"predecessor-version":[{"id":88993,"href":"https:\/\/www.locoxelrojo.com\/independiente\/wp-json\/wp\/v2\/posts\/88991\/revisions\/88993"}],"wp:featuredmedia":[{"embeddable":true,"href":"https:\/\/www.locoxelrojo.com\/independiente\/wp-json\/wp\/v2\/media\/88992"}],"wp:attachment":[{"href":"https:\/\/www.locoxelrojo.com\/independiente\/wp-json\/wp\/v2\/media?parent=88991"}],"wp:term":[{"taxonomy":"category","embeddable":true,"href":"https:\/\/www.locoxelrojo.com\/independiente\/wp-json\/wp\/v2\/categories?post=88991"},{"taxonomy":"post_tag","embeddable":true,"href":"https:\/\/www.locoxelrojo.com\/independiente\/wp-json\/wp\/v2\/tags?post=88991"}],"curies":[{"name":"wp","href":"https:\/\/api.w.org\/{rel}","templated":true}]}}