{"id":8905,"date":"2011-06-16T11:38:23","date_gmt":"2011-06-16T14:38:23","guid":{"rendered":"http:\/\/www.locoxelrojo.com.ar\/independiente\/?p=8905"},"modified":"2011-06-16T16:46:41","modified_gmt":"2011-06-16T19:46:41","slug":"%c2%bfel-futuro-de-assmann-es-en-boedo","status":"publish","type":"post","link":"https:\/\/www.locoxelrojo.com\/independiente\/2011\/06\/16\/%c2%bfel-futuro-de-assmann-es-en-boedo\/","title":{"rendered":"\u00bfEl futuro de Assmann es en Boedo?"},"content":{"rendered":"<p><a href=\"http:\/\/www.locoxelrojo.com.ar\/independiente\/wp-content\/uploads\/2011\/06\/chau-assmann.jpg\"><img loading=\"lazy\" src=\"http:\/\/www.locoxelrojo.com.ar\/independiente\/wp-content\/uploads\/2011\/06\/chau-assmann.jpg\" alt=\"\" title=\"chau-assmann\" width=\"590\" height=\"315\" class=\"alignnone size-full wp-image-8906\" srcset=\"https:\/\/locoxelrojo.com\/independiente\/wp-content\/uploads\/2011\/06\/chau-assmann.jpg 590w, https:\/\/locoxelrojo.com\/independiente\/wp-content\/uploads\/2011\/06\/chau-assmann-300x160.jpg 300w\" sizes=\"(max-width: 590px) 100vw, 590px\" \/><\/a><\/p>\n<p>Fab\u00edan Assmann se convirti\u00f3 en el \u00faltimo tiempo en el arquero m\u00e1s buscado del F\u00fatbol Argentino. Cuando finalice la temporada va a quedar libre ya que por el momento no lleg\u00f3 a un arreglo con el Rojo y se especula con que esto nunca suceda. <\/p>\n<p><strong>En los \u00faltimos d\u00edas sali\u00f3 a la luz inter\u00e9s de Boca Juniors por contratar al arquero. Es m\u00e1s, un dirigente le coment\u00f3 al sitio partidario InfiernoRojo que Boca le ofreci\u00f3 un contrato de tres a\u00f1os a 400 mil d\u00f3lares por temporada.<\/strong> Esto desat\u00f3 la bronca de los dirigentes de Independiente quienes le recriminaron a sus pares de Boca por no haberlos contactado as\u00ed conseguir un futuro resarcimiento econ\u00f3mico. La excusa es que cuando el Rojo contrat\u00f3 jugadores en las mismas condiciones en las que se encuentra hoy Assmann (caso Piatti, Maximiliano Vel\u00e1zquez o Andr\u00e9s Silvera) se contact\u00f3 primero con el club y luego fij\u00f3 un resarcimiento, algo que Boca no hizo. <\/p>\n<p><strong>Lo cierto es que en las \u00faltimas horas todo se dilat\u00f3. Boca puso los ojos en Mariano Andujar, por quien ya habr\u00edan iniciado contactos.<\/strong> Es del gusto del entrenador y de los principales directivos, pero no se vislumbra f\u00e1cil su salida del Catania. Nos cuentan allegados al club de la Rivera que siempre estuvieron interesados en el ex Estudiantes y que nunca se pudo concretar su llegada.<\/p>\n<p><strong>LocoxElRojo pudo averiguar que hay otro equipo grande interesado en Assmann: San Lorenzo de Almagro.<\/strong> Pablo Migliore, arquero actual del Cuervo,  tiene que renovar un nuevo v\u00ednculo con el Cicl\u00f3n y las negociaciones est\u00e1n duras, algo que preocupa y mucho al reciente entrenador Omar Asad. El Turco le pidi\u00f3 al Presidente Carlos Abdo contar ya con un arquero y el elegido parece ser Assmaan.<\/p>\n<p><strong>Para Assmann no hay despedida del Rojo en la \u00faltima fecha ya que no fue citado por Mohamed para concentrar frente al Globo, por lo que el ciclo de Assmann en Independiente est\u00e1 pr\u00e1cticamente terminado.<\/strong><\/p>\n<p>Su futuro parece ser en Argentina y en un equipo grande. Hoy por hoy parece estar m\u00e1s cerca de Boedo que de la Boca.  <\/p>\n","protected":false},"excerpt":{"rendered":"<p>Fab\u00edan Assmann se convirti\u00f3 en el \u00faltimo tiempo en el arquero m\u00e1s buscado del F\u00fatbol Argentino. Cuando finalice la temporada va a quedar libre ya que por el momento no lleg\u00f3 a un arreglo con el Rojo y se especula con que esto nunca suceda. En los \u00faltimos d\u00edas sali\u00f3 a la luz inter\u00e9s de [&hellip;]<\/p>\n","protected":false},"author":1,"featured_media":0,"comment_status":"open","ping_status":"open","sticky":false,"template":"","format":"standard","meta":{"_links_to":"","_links_to_target":""},"categories":[3,1],"tags":[193,153,78],"_links":{"self":[{"href":"https:\/\/www.locoxelrojo.com\/independiente\/wp-json\/wp\/v2\/posts\/8905"}],"collection":[{"href":"https:\/\/www.locoxelrojo.com\/independiente\/wp-json\/wp\/v2\/posts"}],"about":[{"href":"https:\/\/www.locoxelrojo.com\/independiente\/wp-json\/wp\/v2\/types\/post"}],"author":[{"embeddable":true,"href":"https:\/\/www.locoxelrojo.com\/independiente\/wp-json\/wp\/v2\/users\/1"}],"replies":[{"embeddable":true,"href":"https:\/\/www.locoxelrojo.com\/independiente\/wp-json\/wp\/v2\/comments?post=8905"}],"version-history":[{"count":0,"href":"https:\/\/www.locoxelrojo.com\/independiente\/wp-json\/wp\/v2\/posts\/8905\/revisions"}],"wp:attachment":[{"href":"https:\/\/www.locoxelrojo.com\/independiente\/wp-json\/wp\/v2\/media?parent=8905"}],"wp:term":[{"taxonomy":"category","embeddable":true,"href":"https:\/\/www.locoxelrojo.com\/independiente\/wp-json\/wp\/v2\/categories?post=8905"},{"taxonomy":"post_tag","embeddable":true,"href":"https:\/\/www.locoxelrojo.com\/independiente\/wp-json\/wp\/v2\/tags?post=8905"}],"curies":[{"name":"wp","href":"https:\/\/api.w.org\/{rel}","templated":true}]}}