{"id":89063,"date":"2020-08-04T19:08:21","date_gmt":"2020-08-04T22:08:21","guid":{"rendered":"http:\/\/www.locoxelrojo.com\/independiente\/?p=89063"},"modified":"2020-08-04T19:08:21","modified_gmt":"2020-08-04T22:08:21","slug":"el-proximo-lunes-regresan-los-entrenamientos","status":"publish","type":"post","link":"https:\/\/www.locoxelrojo.com\/independiente\/2020\/08\/04\/el-proximo-lunes-regresan-los-entrenamientos\/","title":{"rendered":"El pr\u00f3ximo lunes regresan los entrenamientos"},"content":{"rendered":"<p>Luego de varios meses de cuarentena a causa del coronavirus, <strong>el presidente de la AFA, Claudio Tapia, confirm\u00f3 que a partir del pr\u00f3ximo lunes los equipos de Primera Divisi\u00f3n regresar\u00e1n a los entrenamientos con un protocolo espec\u00edfico y respetando las medidas de seguridad.\u00a0<\/strong><\/p>\n<p>La espera lleg\u00f3 a su fin y finalmente los clubes podr\u00e1n regresar a los entrenamientos. <strong>Despu\u00e9s de una reuni\u00f3n entre dirigentes de la AFA con el Gobierno Nacional se habilit\u00f3 la posibilidad de que los futbolistas puedan volver a las canchas, siempre y cuando sea en grupos de hasta 6 personas y con dos horas de diferencia entre cada turno.<\/strong><\/p>\n<p><strong>&#8220;Grupos de a seis con diferencia de dos horas. Tenemos la posibilidad de, por el espacio que hay en Dominico, entrenen dos grupos al mismo tiempo. De ac\u00e1 a siete semanas, se llega bien al comienzo del campeonato. Desde el primer d\u00eda va a haber trabajos t\u00e9cnicos, con pelota, con arquitos chicos, etc.&#8221;<\/strong>, expres\u00f3 el preparador f\u00edsico del Rojo, Ariel Perticarari, en di\u00e1logo con Closs Continental.<\/p>\n<p>Este fin de semana se realizar\u00e1n los primeros testeos, luego habr\u00e1 otra tanda el lunes y despu\u00e9s ser\u00e1 una vez por semana. <strong>Si bien se confirm\u00f3 el regreso a las pr\u00e1cticas, a\u00fan no se habl\u00f3 sobre el regreso de partidos y mucho menos del campeonato<\/strong>. Los \u00fanicos que tienen confirmado una fecha de regreso son los conjuntos que disputen una copa internacional. <strong>En el caso de Independiente, la Copa Sudamericana tiene fecha estimativa de regreso para fines de Octubre.<\/strong><\/p>\n","protected":false},"excerpt":{"rendered":"<p>Luego de varios meses de cuarentena a causa del coronavirus, el presidente de la AFA, Claudio Tapia, confirm\u00f3 que a partir del pr\u00f3ximo lunes los equipos de Primera Divisi\u00f3n regresar\u00e1n a los entrenamientos con un protocolo espec\u00edfico y respetando las medidas de seguridad.\u00a0 La espera lleg\u00f3 a su fin y finalmente los clubes podr\u00e1n regresar [&hellip;]<\/p>\n","protected":false},"author":14,"featured_media":86576,"comment_status":"open","ping_status":"closed","sticky":false,"template":"","format":"standard","meta":{"_links_to":"","_links_to_target":""},"categories":[3247,3],"tags":[218,153,26],"_links":{"self":[{"href":"https:\/\/www.locoxelrojo.com\/independiente\/wp-json\/wp\/v2\/posts\/89063"}],"collection":[{"href":"https:\/\/www.locoxelrojo.com\/independiente\/wp-json\/wp\/v2\/posts"}],"about":[{"href":"https:\/\/www.locoxelrojo.com\/independiente\/wp-json\/wp\/v2\/types\/post"}],"author":[{"embeddable":true,"href":"https:\/\/www.locoxelrojo.com\/independiente\/wp-json\/wp\/v2\/users\/14"}],"replies":[{"embeddable":true,"href":"https:\/\/www.locoxelrojo.com\/independiente\/wp-json\/wp\/v2\/comments?post=89063"}],"version-history":[{"count":2,"href":"https:\/\/www.locoxelrojo.com\/independiente\/wp-json\/wp\/v2\/posts\/89063\/revisions"}],"predecessor-version":[{"id":89065,"href":"https:\/\/www.locoxelrojo.com\/independiente\/wp-json\/wp\/v2\/posts\/89063\/revisions\/89065"}],"wp:featuredmedia":[{"embeddable":true,"href":"https:\/\/www.locoxelrojo.com\/independiente\/wp-json\/wp\/v2\/media\/86576"}],"wp:attachment":[{"href":"https:\/\/www.locoxelrojo.com\/independiente\/wp-json\/wp\/v2\/media?parent=89063"}],"wp:term":[{"taxonomy":"category","embeddable":true,"href":"https:\/\/www.locoxelrojo.com\/independiente\/wp-json\/wp\/v2\/categories?post=89063"},{"taxonomy":"post_tag","embeddable":true,"href":"https:\/\/www.locoxelrojo.com\/independiente\/wp-json\/wp\/v2\/tags?post=89063"}],"curies":[{"name":"wp","href":"https:\/\/api.w.org\/{rel}","templated":true}]}}