{"id":89071,"date":"2020-08-05T13:25:08","date_gmt":"2020-08-05T16:25:08","guid":{"rendered":"http:\/\/www.locoxelrojo.com\/independiente\/?p=89071"},"modified":"2020-08-05T13:25:08","modified_gmt":"2020-08-05T16:25:08","slug":"la-postura-de-franco-por-la-venta-frustrada","status":"publish","type":"post","link":"https:\/\/www.locoxelrojo.com\/independiente\/2020\/08\/05\/la-postura-de-franco-por-la-venta-frustrada\/","title":{"rendered":"La postura de Franco por la venta frustrada"},"content":{"rendered":"<p><strong>La negociaci\u00f3n entre Dinamo Zagreb e Independiente por Alan Franco est\u00e1 ca\u00edda. Ante esto, el jugador tom\u00f3 una decisi\u00f3n.<\/strong><\/p>\n<p>Fue el propio Jorge Burruchaga, m\u00e1nager del Rojo, <a href=\"https:\/\/www.locoxelrojo.com\/independiente\/2020\/08\/04\/burruchaga-hace-3-meses-teniamos-un-plantel-completo-que-se-nos-iba\/\">el que cont\u00f3 cu\u00e1l fue la postura del club en el pase del defensor a Croacia<\/a>: <strong>&#8220;La \u00faltima propuesta que lleg\u00f3 por \u00e9l no fue buena para Independiente. No vamos a regalar a nuestros jugadores&#8221;<\/strong>.<\/p>\n<p><strong>Esto no le cay\u00f3 bien a Franco y a su entorno<\/strong>, ya que el propio futbolista le hab\u00eda dejando en claro a Lucas Pusineri y a Burru las ganas de emigrar. Por eso, <strong>tom\u00f3 la decisi\u00f3n de no participar de los entrenamientos virtuales v\u00eda Zoom, un claro m\u00e9todo de presi\u00f3n y rebeld\u00eda<\/strong>.<\/p>\n<p>En Independiente hay mucho enojo por esta actitud y <strong>no descartan aplicar sanciones<\/strong>. Desde el entorno de Franco cuentan que <strong>el central est\u00e1 muy deprimido y con el \u00e1nimo por el piso ante una nueva venta frustrada<\/strong>.<\/p>\n","protected":false},"excerpt":{"rendered":"<p>La negociaci\u00f3n entre Dinamo Zagreb e Independiente por Alan Franco est\u00e1 ca\u00edda. Ante esto, el jugador tom\u00f3 una decisi\u00f3n. Fue el propio Jorge Burruchaga, m\u00e1nager del Rojo, el que cont\u00f3 cu\u00e1l fue la postura del club en el pase del defensor a Croacia: &#8220;La \u00faltima propuesta que lleg\u00f3 por \u00e9l no fue buena para Independiente. [&hellip;]<\/p>\n","protected":false},"author":1,"featured_media":84046,"comment_status":"open","ping_status":"closed","sticky":false,"template":"","format":"standard","meta":{"_links_to":"","_links_to_target":""},"categories":[3247,3],"tags":[3231,153,1512],"_links":{"self":[{"href":"https:\/\/www.locoxelrojo.com\/independiente\/wp-json\/wp\/v2\/posts\/89071"}],"collection":[{"href":"https:\/\/www.locoxelrojo.com\/independiente\/wp-json\/wp\/v2\/posts"}],"about":[{"href":"https:\/\/www.locoxelrojo.com\/independiente\/wp-json\/wp\/v2\/types\/post"}],"author":[{"embeddable":true,"href":"https:\/\/www.locoxelrojo.com\/independiente\/wp-json\/wp\/v2\/users\/1"}],"replies":[{"embeddable":true,"href":"https:\/\/www.locoxelrojo.com\/independiente\/wp-json\/wp\/v2\/comments?post=89071"}],"version-history":[{"count":1,"href":"https:\/\/www.locoxelrojo.com\/independiente\/wp-json\/wp\/v2\/posts\/89071\/revisions"}],"predecessor-version":[{"id":89072,"href":"https:\/\/www.locoxelrojo.com\/independiente\/wp-json\/wp\/v2\/posts\/89071\/revisions\/89072"}],"wp:featuredmedia":[{"embeddable":true,"href":"https:\/\/www.locoxelrojo.com\/independiente\/wp-json\/wp\/v2\/media\/84046"}],"wp:attachment":[{"href":"https:\/\/www.locoxelrojo.com\/independiente\/wp-json\/wp\/v2\/media?parent=89071"}],"wp:term":[{"taxonomy":"category","embeddable":true,"href":"https:\/\/www.locoxelrojo.com\/independiente\/wp-json\/wp\/v2\/categories?post=89071"},{"taxonomy":"post_tag","embeddable":true,"href":"https:\/\/www.locoxelrojo.com\/independiente\/wp-json\/wp\/v2\/tags?post=89071"}],"curies":[{"name":"wp","href":"https:\/\/api.w.org\/{rel}","templated":true}]}}