{"id":89248,"date":"2020-08-17T13:15:06","date_gmt":"2020-08-17T16:15:06","guid":{"rendered":"http:\/\/www.locoxelrojo.com\/independiente\/?p=89248"},"modified":"2020-08-17T14:38:10","modified_gmt":"2020-08-17T17:38:10","slug":"el-feriado-llego-con-una-buena-noticia","status":"publish","type":"post","link":"https:\/\/www.locoxelrojo.com\/independiente\/2020\/08\/17\/el-feriado-llego-con-una-buena-noticia\/","title":{"rendered":"El feriado lleg\u00f3 con una buena noticia"},"content":{"rendered":"<p><strong>Despu\u00e9s de cumplir con el tiempo de aislamiento correspondiente, Fabricios Bustos se someti\u00f3 a un nuevo hisopado y se confirm\u00f3 que no tiene coronavirus.<\/strong><\/p>\n<p>El lateral derecho dado positivo de COVID-19 en los testeos PCR realizados por el club un d\u00eda antes de la vuelta a los entrenamientos. Poco despu\u00e9s se hizo un estudio por su cuenta que descart\u00f3 la presencia del virus. Para m\u00e1s seguridad, <strong>este lunes fue hisopado nuevamente y volvi\u00f3 a dar negativo<\/strong>.<\/p>\n<p>Independiente confirm\u00f3 la buena noticia en este feriado a trav\u00e9s de las redes sociales:<\/p>\n<blockquote class=\"twitter-tweet\">\n<p dir=\"ltr\" lang=\"es\">Luego de cumplir con el tiempo de aislamiento correspondiente, Fabricio Bustos se realiz\u00f3 un nuevo hisopado y el mismo arroj\u00f3 resultado negativo. De esta manera, ma\u00f1ana se reintegrar\u00e1 a los entrenamientos junto al resto del grupo. <a href=\"https:\/\/t.co\/9CW70J0XJK\">pic.twitter.com\/9CW70J0XJK<\/a><\/p>\n<p>\u2014 C. A. Independiente (@Independiente) <a href=\"https:\/\/twitter.com\/Independiente\/status\/1295379170650918920?ref_src=twsrc%5Etfw\">August 17, 2020<\/a><\/p><\/blockquote>\n<p><script async src=\"https:\/\/platform.twitter.com\/widgets.js\" charset=\"utf-8\"><\/script><\/p>\n<p>Con este resultado y habiendo cumplido sus d\u00edas de aislamiento, <strong>Bustos qued\u00f3 habilitado para sumarse a las pr\u00e1cticas<\/strong> junto al resto de sus compa\u00f1eros a partir del martes en el predio de Villa Dom\u00ednico.<\/p>\n","protected":false},"excerpt":{"rendered":"<p>Despu\u00e9s de cumplir con el tiempo de aislamiento correspondiente, Fabricios Bustos se someti\u00f3 a un nuevo hisopado y se confirm\u00f3 que no tiene coronavirus. El lateral derecho dado positivo de COVID-19 en los testeos PCR realizados por el club un d\u00eda antes de la vuelta a los entrenamientos. Poco despu\u00e9s se hizo un estudio por [&hellip;]<\/p>\n","protected":false},"author":8,"featured_media":89249,"comment_status":"open","ping_status":"closed","sticky":false,"template":"","format":"standard","meta":{"_links_to":"","_links_to_target":""},"categories":[3247,3],"tags":[153,4506,1027],"_links":{"self":[{"href":"https:\/\/www.locoxelrojo.com\/independiente\/wp-json\/wp\/v2\/posts\/89248"}],"collection":[{"href":"https:\/\/www.locoxelrojo.com\/independiente\/wp-json\/wp\/v2\/posts"}],"about":[{"href":"https:\/\/www.locoxelrojo.com\/independiente\/wp-json\/wp\/v2\/types\/post"}],"author":[{"embeddable":true,"href":"https:\/\/www.locoxelrojo.com\/independiente\/wp-json\/wp\/v2\/users\/8"}],"replies":[{"embeddable":true,"href":"https:\/\/www.locoxelrojo.com\/independiente\/wp-json\/wp\/v2\/comments?post=89248"}],"version-history":[{"count":2,"href":"https:\/\/www.locoxelrojo.com\/independiente\/wp-json\/wp\/v2\/posts\/89248\/revisions"}],"predecessor-version":[{"id":89251,"href":"https:\/\/www.locoxelrojo.com\/independiente\/wp-json\/wp\/v2\/posts\/89248\/revisions\/89251"}],"wp:featuredmedia":[{"embeddable":true,"href":"https:\/\/www.locoxelrojo.com\/independiente\/wp-json\/wp\/v2\/media\/89249"}],"wp:attachment":[{"href":"https:\/\/www.locoxelrojo.com\/independiente\/wp-json\/wp\/v2\/media?parent=89248"}],"wp:term":[{"taxonomy":"category","embeddable":true,"href":"https:\/\/www.locoxelrojo.com\/independiente\/wp-json\/wp\/v2\/categories?post=89248"},{"taxonomy":"post_tag","embeddable":true,"href":"https:\/\/www.locoxelrojo.com\/independiente\/wp-json\/wp\/v2\/tags?post=89248"}],"curies":[{"name":"wp","href":"https:\/\/api.w.org\/{rel}","templated":true}]}}