{"id":89252,"date":"2020-08-17T15:41:23","date_gmt":"2020-08-17T18:41:23","guid":{"rendered":"http:\/\/www.locoxelrojo.com\/independiente\/?p=89252"},"modified":"2020-08-17T20:43:14","modified_gmt":"2020-08-17T23:43:14","slug":"dia-6-entrenamiento-de-feriado","status":"publish","type":"post","link":"https:\/\/www.locoxelrojo.com\/independiente\/2020\/08\/17\/dia-6-entrenamiento-de-feriado\/","title":{"rendered":"D\u00eda 6: entrenamiento de feriado"},"content":{"rendered":"<p><strong>Los jugadores de Independiente no descansan en el feriado, arrancaron la semana y siguen entrenando en Villa Dom\u00ednico.<\/strong> <a href=\"https:\/\/www.locoxelrojo.com\/independiente\/2020\/08\/17\/el-feriado-llego-con-una-buena-noticia\/\"><strong>Fabricio Bustos<\/strong> dio negativo en un nuevo test<\/a> y <strong>desde este martes se sumar\u00e1 a sus compa\u00f1eros.<\/strong><\/p>\n<p>Manteniendo los mismos grupos y turnos de de entrenamientos, <strong>los dirigidos por Lucas Pusineri realizaron ejercicios neuromusculares, de fuerza, potencia y bloques aer\u00f3bicos. Todo combinado con movimientos t\u00e1cticos con pelota.<\/strong><\/p>\n<p>Para este martes la novedad ser\u00e1 el regreso de Bustos a las pr\u00e1cticas. Adem\u00e1s, <strong>habr\u00e1 ex\u00e1menes m\u00e9dicos para el primer grupo y el segundo realizar\u00e1 el entrenamiento en el campo<\/strong>. <strong>El mi\u00e9rcoles se invertir\u00e1n los roles<\/strong>: los que realizaron los trabajos en las canchas el d\u00eda martes se har\u00e1n los estudios correspondientes y el otro trabajar\u00e1 en las canchas del Centro de Alto Rendimiento.<\/p>\n","protected":false},"excerpt":{"rendered":"<p>Los jugadores de Independiente no descansan en el feriado, arrancaron la semana y siguen entrenando en Villa Dom\u00ednico. Fabricio Bustos dio negativo en un nuevo test y desde este martes se sumar\u00e1 a sus compa\u00f1eros. Manteniendo los mismos grupos y turnos de de entrenamientos, los dirigidos por Lucas Pusineri realizaron ejercicios neuromusculares, de fuerza, potencia [&hellip;]<\/p>\n","protected":false},"author":101024,"featured_media":89253,"comment_status":"open","ping_status":"closed","sticky":false,"template":"","format":"standard","meta":{"_links_to":"","_links_to_target":""},"categories":[3247,3],"tags":[153,26,145,172],"_links":{"self":[{"href":"https:\/\/www.locoxelrojo.com\/independiente\/wp-json\/wp\/v2\/posts\/89252"}],"collection":[{"href":"https:\/\/www.locoxelrojo.com\/independiente\/wp-json\/wp\/v2\/posts"}],"about":[{"href":"https:\/\/www.locoxelrojo.com\/independiente\/wp-json\/wp\/v2\/types\/post"}],"author":[{"embeddable":true,"href":"https:\/\/www.locoxelrojo.com\/independiente\/wp-json\/wp\/v2\/users\/101024"}],"replies":[{"embeddable":true,"href":"https:\/\/www.locoxelrojo.com\/independiente\/wp-json\/wp\/v2\/comments?post=89252"}],"version-history":[{"count":1,"href":"https:\/\/www.locoxelrojo.com\/independiente\/wp-json\/wp\/v2\/posts\/89252\/revisions"}],"predecessor-version":[{"id":89254,"href":"https:\/\/www.locoxelrojo.com\/independiente\/wp-json\/wp\/v2\/posts\/89252\/revisions\/89254"}],"wp:featuredmedia":[{"embeddable":true,"href":"https:\/\/www.locoxelrojo.com\/independiente\/wp-json\/wp\/v2\/media\/89253"}],"wp:attachment":[{"href":"https:\/\/www.locoxelrojo.com\/independiente\/wp-json\/wp\/v2\/media?parent=89252"}],"wp:term":[{"taxonomy":"category","embeddable":true,"href":"https:\/\/www.locoxelrojo.com\/independiente\/wp-json\/wp\/v2\/categories?post=89252"},{"taxonomy":"post_tag","embeddable":true,"href":"https:\/\/www.locoxelrojo.com\/independiente\/wp-json\/wp\/v2\/tags?post=89252"}],"curies":[{"name":"wp","href":"https:\/\/api.w.org\/{rel}","templated":true}]}}