{"id":8936,"date":"2011-06-17T13:31:46","date_gmt":"2011-06-17T16:31:46","guid":{"rendered":"http:\/\/www.locoxelrojo.com.ar\/independiente\/?p=8936"},"modified":"2015-09-14T21:19:55","modified_gmt":"2015-09-15T00:19:55","slug":"garnero-%c2%bfhincha-de-boca","status":"publish","type":"post","link":"https:\/\/www.locoxelrojo.com\/independiente\/2011\/06\/17\/garnero-%c2%bfhincha-de-boca\/","title":{"rendered":"Garnero, \u00bfhincha de Boca?"},"content":{"rendered":"<p><a href=\"http:\/\/www.locoxelrojo.com.ar\/independiente\/wp-content\/uploads\/2011\/06\/daniel_Garnero.jpg\"><img loading=\"lazy\" class=\"alignnone size-full wp-image-8937\" title=\"daniel_Garnero\" src=\"http:\/\/www.locoxelrojo.com.ar\/independiente\/wp-content\/uploads\/2011\/06\/daniel_Garnero.jpg\" alt=\"\" width=\"590\" height=\"315\" srcset=\"https:\/\/locoxelrojo.com\/independiente\/wp-content\/uploads\/2011\/06\/daniel_Garnero.jpg 590w, https:\/\/locoxelrojo.com\/independiente\/wp-content\/uploads\/2011\/06\/daniel_Garnero-300x160.jpg 300w\" sizes=\"(max-width: 590px) 100vw, 590px\" \/><\/a><\/p>\n<p>El 10 declar\u00f3 en <strong>Pasi\u00f3n Deportiva, suplemento deportivo del Diario de Cuyo<\/strong>, que se hizo hincha de Boca en cancha de Independiente. Fue el Nacional de 1976 cuando en la Doble Visera se jugaba la semifinal entre Hurac\u00e1n y Boca. &#8220;<strong>Fuimos a verlo con mi viejo a la cancha, que era hincha de Platense y medio antibostero,<\/strong><strong> y cuando vi entrar a la Doce le dije yo tengo que ser de este club&#8221;<\/strong>, declar\u00f3 en una entrevista exclusiva.<\/p>\n<p>El ex t\u00e9cnico de Independiente se define el ascenso por estas horas frente a Belgrano de C\u00f3rdoba con San Mart\u00edn de San Juan -est\u00e1 a 3 puntos de Uni\u00f3n que recibe de local a Ferro y con el empate lograr\u00e1 el ascenso a 1\u00ba divisi\u00f3n-. El ex jugador y t\u00e9cnico de Independiente cont\u00f3 adem\u00e1s c\u00f3mo fue su llegada al club. <strong>&#8220;Cursaba en el colegio de curas Pio XII de Avellaneda . El salto a Primera lleg\u00f3 de la mano de Omar Pastoriza en 1990: Me vio un d\u00eda jugar y le dijo a Ubaldi, que era compa\u00f1ero m\u00edo, que fuera a entrenar desde el otro d\u00eda con la Primera&#8221;<span style=\"font-weight: normal;\">, <\/span><\/strong>record\u00f3.<\/p>\n<p>Por \u00faltimo destac\u00f3 a Bochini<strong>: \u201cEl Bocha siempre me trat\u00f3 muy bien. Yo lo empec\u00e9 a valorar m\u00e1s siendo compa\u00f1ero que como espectador. Hac\u00eda las cosas dif\u00edciles de forma muy simple\u201d. <\/strong>Por \u00faltimo, si bien hoy es DT, manifest\u00f3 que nunca m\u00e1s volvi\u00f3 a jugar al f\u00fatbol. <strong>&#8220;El f\u00fatbol me quem\u00f3 la cabeza y a los 32 a\u00f1os decid\u00ed que ya era momento de irme. Es el d\u00eda de hoy que nunca m\u00e1s me prend\u00ed en un picado&#8221;<\/strong>, concluy\u00f3.<\/p>\n","protected":false},"excerpt":{"rendered":"<p>El 10 declar\u00f3 en Pasi\u00f3n Deportiva, suplemento deportivo del Diario de Cuyo, que se hizo hincha de Boca en cancha de Independiente. Fue el Nacional de 1976 cuando en la Doble Visera se jugaba la semifinal entre Hurac\u00e1n y Boca. &#8220;Fuimos a verlo con mi viejo a la cancha, que era hincha de Platense y [&hellip;]<\/p>\n","protected":false},"author":1,"featured_media":0,"comment_status":"open","ping_status":"open","sticky":false,"template":"","format":"standard","meta":{"_links_to":"","_links_to_target":""},"categories":[3,1],"tags":[153,30,475],"_links":{"self":[{"href":"https:\/\/www.locoxelrojo.com\/independiente\/wp-json\/wp\/v2\/posts\/8936"}],"collection":[{"href":"https:\/\/www.locoxelrojo.com\/independiente\/wp-json\/wp\/v2\/posts"}],"about":[{"href":"https:\/\/www.locoxelrojo.com\/independiente\/wp-json\/wp\/v2\/types\/post"}],"author":[{"embeddable":true,"href":"https:\/\/www.locoxelrojo.com\/independiente\/wp-json\/wp\/v2\/users\/1"}],"replies":[{"embeddable":true,"href":"https:\/\/www.locoxelrojo.com\/independiente\/wp-json\/wp\/v2\/comments?post=8936"}],"version-history":[{"count":0,"href":"https:\/\/www.locoxelrojo.com\/independiente\/wp-json\/wp\/v2\/posts\/8936\/revisions"}],"wp:attachment":[{"href":"https:\/\/www.locoxelrojo.com\/independiente\/wp-json\/wp\/v2\/media?parent=8936"}],"wp:term":[{"taxonomy":"category","embeddable":true,"href":"https:\/\/www.locoxelrojo.com\/independiente\/wp-json\/wp\/v2\/categories?post=8936"},{"taxonomy":"post_tag","embeddable":true,"href":"https:\/\/www.locoxelrojo.com\/independiente\/wp-json\/wp\/v2\/tags?post=8936"}],"curies":[{"name":"wp","href":"https:\/\/api.w.org\/{rel}","templated":true}]}}