{"id":89370,"date":"2020-08-25T15:53:02","date_gmt":"2020-08-25T18:53:02","guid":{"rendered":"http:\/\/www.locoxelrojo.com\/independiente\/?p=89370"},"modified":"2020-08-25T15:53:02","modified_gmt":"2020-08-25T18:53:02","slug":"se-sumo-pacchini","status":"publish","type":"post","link":"https:\/\/www.locoxelrojo.com\/independiente\/2020\/08\/25\/se-sumo-pacchini\/","title":{"rendered":"Se sum\u00f3 Pacchini"},"content":{"rendered":"<p>El plantel de Independiente complet\u00f3 hoy otra jornada de entrenamientos en el predio de Villa Dom\u00ednico. <strong>La novedad saliente de la jornada fue la incorporaci\u00f3n de Juan Ignacio Pacchini al primer equipo<\/strong>.<\/p>\n<p><a href=\"https:\/\/www.locoxelrojo.com\/independiente\/2020\/07\/26\/pacchini-la-alternativa-de-la-reserva-para-el-medio-que-sigue-pusineri\/\">El mediocampista central, surgido de la cantera roja, hab\u00eda sido uno de los tres jugadores promovidos por <strong>Lucas Pusineri<\/strong><\/a> para empezar a practicar con Primera luego de sus buenas actuaciones en la <strong>Reserva<\/strong>. <a href=\"https:\/\/www.locoxelrojo.com\/independiente\/2020\/08\/09\/quien-es-tomas-pozzo-uno-de-los-promovidos-por-pusineri\/\"><strong>Tom\u00e1s Pozzo<\/strong><\/a> y <a href=\"https:\/\/www.locoxelrojo.com\/independiente\/2020\/08\/16\/quien-es-juan-da-rosa-otro-de-los-promovidos-por-pusineri\/\"><strong>Juan Da Rosa<\/strong><\/a> fueron los otros dos.<\/p>\n<p>Pacchini integr\u00f3 hoy el primer grupo de trabajo, entre los que se encontraban tres excompa\u00f1eros suyos de su categor\u00eda: <strong>Thom\u00e1s Ortega, Braian Mart\u00edenz y Alan Velasco<\/strong>.<\/p>\n<p>Luego de la habitual entrada en calor, los futbolistas realizaron un circuito de potencia en campo, un drill aer\u00f3bico con pelota y un rondo t\u00e9cnico-t\u00e1ctico. Por su parte, <strong>Gast\u00f3n Togni se movi\u00f3 de manera diferenciada<\/strong>.<\/p>\n<p><strong>El Rojo retomar\u00e1 sus actividades este mi\u00e9rcoles por la ma\u00f1ana <\/strong>en Dom\u00ednico en dos turnos. El primero ser\u00e1 a las 9 y el segundo comenzar\u00e1 dos horas despu\u00e9s.<\/p>\n<p><iframe loading=\"lazy\" src=\"https:\/\/www.youtube.com\/embed\/GL75Xk8fAH8\" width=\"560\" height=\"315\" frameborder=\"0\" allowfullscreen=\"allowfullscreen\"><\/iframe><\/p>\n","protected":false},"excerpt":{"rendered":"<p>El plantel de Independiente complet\u00f3 hoy otra jornada de entrenamientos en el predio de Villa Dom\u00ednico. La novedad saliente de la jornada fue la incorporaci\u00f3n de Juan Ignacio Pacchini al primer equipo. El mediocampista central, surgido de la cantera roja, hab\u00eda sido uno de los tres jugadores promovidos por Lucas Pusineri para empezar a practicar [&hellip;]<\/p>\n","protected":false},"author":19,"featured_media":89371,"comment_status":"open","ping_status":"closed","sticky":false,"template":"","format":"standard","meta":{"_links_to":"","_links_to_target":""},"categories":[3247,3],"tags":[153,26,3166,4604,1683],"_links":{"self":[{"href":"https:\/\/www.locoxelrojo.com\/independiente\/wp-json\/wp\/v2\/posts\/89370"}],"collection":[{"href":"https:\/\/www.locoxelrojo.com\/independiente\/wp-json\/wp\/v2\/posts"}],"about":[{"href":"https:\/\/www.locoxelrojo.com\/independiente\/wp-json\/wp\/v2\/types\/post"}],"author":[{"embeddable":true,"href":"https:\/\/www.locoxelrojo.com\/independiente\/wp-json\/wp\/v2\/users\/19"}],"replies":[{"embeddable":true,"href":"https:\/\/www.locoxelrojo.com\/independiente\/wp-json\/wp\/v2\/comments?post=89370"}],"version-history":[{"count":1,"href":"https:\/\/www.locoxelrojo.com\/independiente\/wp-json\/wp\/v2\/posts\/89370\/revisions"}],"predecessor-version":[{"id":89372,"href":"https:\/\/www.locoxelrojo.com\/independiente\/wp-json\/wp\/v2\/posts\/89370\/revisions\/89372"}],"wp:featuredmedia":[{"embeddable":true,"href":"https:\/\/www.locoxelrojo.com\/independiente\/wp-json\/wp\/v2\/media\/89371"}],"wp:attachment":[{"href":"https:\/\/www.locoxelrojo.com\/independiente\/wp-json\/wp\/v2\/media?parent=89370"}],"wp:term":[{"taxonomy":"category","embeddable":true,"href":"https:\/\/www.locoxelrojo.com\/independiente\/wp-json\/wp\/v2\/categories?post=89370"},{"taxonomy":"post_tag","embeddable":true,"href":"https:\/\/www.locoxelrojo.com\/independiente\/wp-json\/wp\/v2\/tags?post=89370"}],"curies":[{"name":"wp","href":"https:\/\/api.w.org\/{rel}","templated":true}]}}