{"id":89443,"date":"2020-08-29T11:00:10","date_gmt":"2020-08-29T14:00:10","guid":{"rendered":"http:\/\/www.locoxelrojo.com\/independiente\/?p=89443"},"modified":"2020-08-29T12:03:43","modified_gmt":"2020-08-29T15:03:43","slug":"operado-con-exito-2","status":"publish","type":"post","link":"https:\/\/www.locoxelrojo.com\/independiente\/2020\/08\/29\/operado-con-exito-2\/","title":{"rendered":"\u00a1Operado con \u00e9xito!"},"content":{"rendered":"<p>El arquero juvenil de Independiente, <strong>Manuel Tasso<\/strong>, fue operado este jueves al mediod\u00eda y ya se encuentra recuper\u00e1ndose en su domicilio.<\/p>\n<p>El guardameta del Rojo deb\u00eda hacerse dicha operaci\u00f3n desde comienzo de a\u00f1o. <strong>La misma fue en los meniscos de la rodilla izquierda<\/strong>.<\/p>\n<p>Lo cierto es que, tras ser intervenido, <strong>Tasso<\/strong> le cont\u00f3 a <strong>LocoXelRojo<\/strong> c\u00f3mo se sent\u00eda: <strong>&#8220;Estoy bien. No recuerdo mucho c\u00f3mo fue la operaci\u00f3n porque estuve dormido pero no siento dolor. Ahora tendr\u00e9 que estar tres semanas sin pisar y despu\u00e9s podr\u00e9 volver a entrenar con todo para volver mejor que nunca&#8221;<\/strong>.<\/p>\n<p>Manu Tasso fue el arquero de la Quinta el a\u00f1o pasado y <a href=\"https:\/\/www.locoxelrojo.com\/independiente\/2019\/11\/17\/el-ano-de-la-quinta\/\"><strong>termin\u00f3 como la valla menos vencida de todas las categor\u00edas del Rojo<\/strong><\/a>. Gracias a sus buenas actuaciones, <strong>este a\u00f1o hab\u00eda sido promovido a la Reserva<\/strong>, donde aguarda por su chance.<\/p>\n<p><iframe loading=\"lazy\" src=\"https:\/\/www.youtube.com\/embed\/BmyRWP0ByEc\" width=\"560\" height=\"315\" frameborder=\"0\" allowfullscreen=\"allowfullscreen\"><\/iframe><\/p>\n","protected":false},"excerpt":{"rendered":"<p>El arquero juvenil de Independiente, Manuel Tasso, fue operado este jueves al mediod\u00eda y ya se encuentra recuper\u00e1ndose en su domicilio. El guardameta del Rojo deb\u00eda hacerse dicha operaci\u00f3n desde comienzo de a\u00f1o. La misma fue en los meniscos de la rodilla izquierda. Lo cierto es que, tras ser intervenido, Tasso le cont\u00f3 a LocoXelRojo [&hellip;]<\/p>\n","protected":false},"author":101018,"featured_media":82375,"comment_status":"open","ping_status":"closed","sticky":false,"template":"","format":"standard","meta":{"_links_to":"","_links_to_target":""},"categories":[3247,141],"tags":[153,4158,3270],"_links":{"self":[{"href":"https:\/\/www.locoxelrojo.com\/independiente\/wp-json\/wp\/v2\/posts\/89443"}],"collection":[{"href":"https:\/\/www.locoxelrojo.com\/independiente\/wp-json\/wp\/v2\/posts"}],"about":[{"href":"https:\/\/www.locoxelrojo.com\/independiente\/wp-json\/wp\/v2\/types\/post"}],"author":[{"embeddable":true,"href":"https:\/\/www.locoxelrojo.com\/independiente\/wp-json\/wp\/v2\/users\/101018"}],"replies":[{"embeddable":true,"href":"https:\/\/www.locoxelrojo.com\/independiente\/wp-json\/wp\/v2\/comments?post=89443"}],"version-history":[{"count":1,"href":"https:\/\/www.locoxelrojo.com\/independiente\/wp-json\/wp\/v2\/posts\/89443\/revisions"}],"predecessor-version":[{"id":89444,"href":"https:\/\/www.locoxelrojo.com\/independiente\/wp-json\/wp\/v2\/posts\/89443\/revisions\/89444"}],"wp:featuredmedia":[{"embeddable":true,"href":"https:\/\/www.locoxelrojo.com\/independiente\/wp-json\/wp\/v2\/media\/82375"}],"wp:attachment":[{"href":"https:\/\/www.locoxelrojo.com\/independiente\/wp-json\/wp\/v2\/media?parent=89443"}],"wp:term":[{"taxonomy":"category","embeddable":true,"href":"https:\/\/www.locoxelrojo.com\/independiente\/wp-json\/wp\/v2\/categories?post=89443"},{"taxonomy":"post_tag","embeddable":true,"href":"https:\/\/www.locoxelrojo.com\/independiente\/wp-json\/wp\/v2\/tags?post=89443"}],"curies":[{"name":"wp","href":"https:\/\/api.w.org\/{rel}","templated":true}]}}