{"id":89478,"date":"2020-08-31T21:56:18","date_gmt":"2020-09-01T00:56:18","guid":{"rendered":"http:\/\/www.locoxelrojo.com\/independiente\/?p=89478"},"modified":"2020-08-31T21:56:18","modified_gmt":"2020-09-01T00:56:18","slug":"cecilio-se-queda-en-sudamerica","status":"publish","type":"post","link":"https:\/\/www.locoxelrojo.com\/independiente\/2020\/08\/31\/cecilio-se-queda-en-sudamerica\/","title":{"rendered":"Cecilio se queda en Sudam\u00e9rica"},"content":{"rendered":"<p><strong>Despu\u00e9s de haber sido vendido al Austin FC, Cecilio Dom\u00ednguez jugar\u00e1 lo que queda del a\u00f1o en Guaran\u00ed de Paraguay.<\/strong><\/p>\n<p>Hace pocos d\u00edas se cerr\u00f3 la venta del paraguayo al club estadounidense en una cifra cercana a los <strong>1.700.000 d\u00f3lares netos para el Rojo<\/strong>. Sin embargo, deber\u00e1 esperar un poco m\u00e1s para jugar en la Major League Soccer.<\/p>\n<blockquote class=\"twitter-tweet\">\n<p dir=\"ltr\" lang=\"es\">\u00a1Bienvenido Cecilio Dom\u00ednguez al Legendario! &#x1f929;&#x1f44f; <a href=\"https:\/\/twitter.com\/10_dominguez94?ref_src=twsrc%5Etfw\">@10_dominguez94<\/a><a href=\"https:\/\/twitter.com\/hashtag\/VamosAborigen?src=hash&amp;ref_src=twsrc%5Etfw\">#VamosAborigen<\/a>! <a href=\"https:\/\/twitter.com\/hashtag\/CecilioLegendario?src=hash&amp;ref_src=twsrc%5Etfw\">#CecilioLegendario<\/a> &#x1f49b;&#x1f5a4; <a href=\"https:\/\/t.co\/iKh7uWhw5I\">pic.twitter.com\/iKh7uWhw5I<\/a><\/p>\n<p>\u2014 Club Guarani (@ClubGuarani) <a href=\"https:\/\/twitter.com\/ClubGuarani\/status\/1300476377389555712?ref_src=twsrc%5Etfw\">August 31, 2020<\/a><\/p><\/blockquote>\n<p><script async src=\"https:\/\/platform.twitter.com\/widgets.js\" charset=\"utf-8\"><\/script><\/p>\n<p>En las \u00faltimas horas se confirm\u00f3 que Cecilio permanecer\u00e1 en su pa\u00eds hasta diciembre para jugar la Copa Libertadores. <strong>Defender\u00e1 los colores de Guaran\u00ed durante este semestre<\/strong> y en enero viajar\u00e1 a Estados Unidos para encarar la pretemporada con el Austin FC.<\/p>\n<p><strong>&#8220;\u00a1Bienvenido Cecilio Dom\u00ednguez al legandario!&#8221;<\/strong>, anunci\u00f3 su nuevo club acompa\u00f1ando un video con sus goles en Independiente y en Am\u00e9rica de M\u00e9xico.<\/p>\n","protected":false},"excerpt":{"rendered":"<p>Despu\u00e9s de haber sido vendido al Austin FC, Cecilio Dom\u00ednguez jugar\u00e1 lo que queda del a\u00f1o en Guaran\u00ed de Paraguay. Hace pocos d\u00edas se cerr\u00f3 la venta del paraguayo al club estadounidense en una cifra cercana a los 1.700.000 d\u00f3lares netos para el Rojo. Sin embargo, deber\u00e1 esperar un poco m\u00e1s para jugar en la [&hellip;]<\/p>\n","protected":false},"author":8,"featured_media":89480,"comment_status":"open","ping_status":"closed","sticky":false,"template":"","format":"standard","meta":{"_links_to":"","_links_to_target":""},"categories":[2043,3247],"tags":[4104,4639,3277],"_links":{"self":[{"href":"https:\/\/www.locoxelrojo.com\/independiente\/wp-json\/wp\/v2\/posts\/89478"}],"collection":[{"href":"https:\/\/www.locoxelrojo.com\/independiente\/wp-json\/wp\/v2\/posts"}],"about":[{"href":"https:\/\/www.locoxelrojo.com\/independiente\/wp-json\/wp\/v2\/types\/post"}],"author":[{"embeddable":true,"href":"https:\/\/www.locoxelrojo.com\/independiente\/wp-json\/wp\/v2\/users\/8"}],"replies":[{"embeddable":true,"href":"https:\/\/www.locoxelrojo.com\/independiente\/wp-json\/wp\/v2\/comments?post=89478"}],"version-history":[{"count":2,"href":"https:\/\/www.locoxelrojo.com\/independiente\/wp-json\/wp\/v2\/posts\/89478\/revisions"}],"predecessor-version":[{"id":89481,"href":"https:\/\/www.locoxelrojo.com\/independiente\/wp-json\/wp\/v2\/posts\/89478\/revisions\/89481"}],"wp:featuredmedia":[{"embeddable":true,"href":"https:\/\/www.locoxelrojo.com\/independiente\/wp-json\/wp\/v2\/media\/89480"}],"wp:attachment":[{"href":"https:\/\/www.locoxelrojo.com\/independiente\/wp-json\/wp\/v2\/media?parent=89478"}],"wp:term":[{"taxonomy":"category","embeddable":true,"href":"https:\/\/www.locoxelrojo.com\/independiente\/wp-json\/wp\/v2\/categories?post=89478"},{"taxonomy":"post_tag","embeddable":true,"href":"https:\/\/www.locoxelrojo.com\/independiente\/wp-json\/wp\/v2\/tags?post=89478"}],"curies":[{"name":"wp","href":"https:\/\/api.w.org\/{rel}","templated":true}]}}