{"id":89513,"date":"2020-09-02T11:40:41","date_gmt":"2020-09-02T14:40:41","guid":{"rendered":"http:\/\/www.locoxelrojo.com\/independiente\/?p=89513"},"modified":"2020-09-02T15:46:47","modified_gmt":"2020-09-02T18:46:47","slug":"otro-interes-por-gaibor","status":"publish","type":"post","link":"https:\/\/www.locoxelrojo.com\/independiente\/2020\/09\/02\/otro-interes-por-gaibor\/","title":{"rendered":"Otro inter\u00e9s por Gaibor"},"content":{"rendered":"<p>La novela de <strong>Fernando Gaibor<\/strong> con <strong>Independiente<\/strong> suma un cap\u00edtulo m\u00e1s y parece que va para rato. Ahora <strong>Guayaquil City<\/strong> tiene inter\u00e9s de contar con el enganche.<\/p>\n<p><a href=\"https:\/\/www.locoxelrojo.com\/independiente\/2020\/08\/31\/aparecio-un-interesado-por-gaibor\/\">Hace unos d\u00edas apareci\u00f3 el rumor de que Gaibor se iba al f\u00fatbol de Turqu\u00eda<\/a>, pero la realidad es que todav\u00eda no se mueve de su Ecuador natal. <strong>El Guante ten\u00eda que volver a Argentina pero pas\u00f3 por su pa\u00eds<\/strong>, <a href=\"https:\/\/www.locoxelrojo.com\/independiente\/2020\/08\/11\/gaibor-lleva-a-independiente-ante-la-fifa\/\">donde demand\u00f3 al Rojo en FIFA<\/a>, y utiliz\u00f3 las instalaciones de Emelec y Guayaquil City para entrenarse.<\/p>\n<p><strong>&#8220;Van a tener que venir a negociar con nosotros como hizo Cecilio Dom\u00ednguez\u201d<\/strong>, <a href=\"https:\/\/www.locoxelrojo.com\/independiente\/2020\/08\/27\/p-moyano-la-prioridad-es-equilibrar-las-finanzas\/\">declar\u00f3 Pablo Moyano en Independiente de Am\u00e9rica\u00a0<\/a>en referencia a Gaibor y su manera de alejarse del club.<\/p>\n<p>Desde el Rojo mandaron una carta documento prohibiendo que entrene en esos dos clubes. Aunque todav\u00eda no est\u00e1 nada confirmado, <strong>Gaibor no quiere volver para Avellaneda y su deseo es irse a otro club<\/strong>. \u00bfQu\u00e9 desenlace tendr\u00e1 esta novela?<\/p>\n<p><iframe loading=\"lazy\" src=\"https:\/\/www.youtube.com\/embed\/E0Akgz5NZU8\" width=\"560\" height=\"315\" frameborder=\"0\" allowfullscreen=\"allowfullscreen\"><\/iframe><\/p>\n","protected":false},"excerpt":{"rendered":"<p>La novela de Fernando Gaibor con Independiente suma un cap\u00edtulo m\u00e1s y parece que va para rato. Ahora Guayaquil City tiene inter\u00e9s de contar con el enganche. Hace unos d\u00edas apareci\u00f3 el rumor de que Gaibor se iba al f\u00fatbol de Turqu\u00eda, pero la realidad es que todav\u00eda no se mueve de su Ecuador natal. [&hellip;]<\/p>\n","protected":false},"author":101024,"featured_media":81848,"comment_status":"open","ping_status":"closed","sticky":false,"template":"","format":"standard","meta":{"_links_to":"","_links_to_target":""},"categories":[3247,3],"tags":[153,3747,4640],"_links":{"self":[{"href":"https:\/\/www.locoxelrojo.com\/independiente\/wp-json\/wp\/v2\/posts\/89513"}],"collection":[{"href":"https:\/\/www.locoxelrojo.com\/independiente\/wp-json\/wp\/v2\/posts"}],"about":[{"href":"https:\/\/www.locoxelrojo.com\/independiente\/wp-json\/wp\/v2\/types\/post"}],"author":[{"embeddable":true,"href":"https:\/\/www.locoxelrojo.com\/independiente\/wp-json\/wp\/v2\/users\/101024"}],"replies":[{"embeddable":true,"href":"https:\/\/www.locoxelrojo.com\/independiente\/wp-json\/wp\/v2\/comments?post=89513"}],"version-history":[{"count":1,"href":"https:\/\/www.locoxelrojo.com\/independiente\/wp-json\/wp\/v2\/posts\/89513\/revisions"}],"predecessor-version":[{"id":89514,"href":"https:\/\/www.locoxelrojo.com\/independiente\/wp-json\/wp\/v2\/posts\/89513\/revisions\/89514"}],"wp:featuredmedia":[{"embeddable":true,"href":"https:\/\/www.locoxelrojo.com\/independiente\/wp-json\/wp\/v2\/media\/81848"}],"wp:attachment":[{"href":"https:\/\/www.locoxelrojo.com\/independiente\/wp-json\/wp\/v2\/media?parent=89513"}],"wp:term":[{"taxonomy":"category","embeddable":true,"href":"https:\/\/www.locoxelrojo.com\/independiente\/wp-json\/wp\/v2\/categories?post=89513"},{"taxonomy":"post_tag","embeddable":true,"href":"https:\/\/www.locoxelrojo.com\/independiente\/wp-json\/wp\/v2\/tags?post=89513"}],"curies":[{"name":"wp","href":"https:\/\/api.w.org\/{rel}","templated":true}]}}