{"id":89620,"date":"2020-09-07T11:27:44","date_gmt":"2020-09-07T14:27:44","guid":{"rendered":"http:\/\/www.locoxelrojo.com\/independiente\/?p=89620"},"modified":"2020-09-07T16:41:00","modified_gmt":"2020-09-07T19:41:00","slug":"los-chicos-de-apoyo-para-la-primera","status":"publish","type":"post","link":"https:\/\/www.locoxelrojo.com\/independiente\/2020\/09\/07\/los-chicos-de-apoyo-para-la-primera\/","title":{"rendered":"Los chicos, de apoyo para la Primera"},"content":{"rendered":"<p>Mientras se espera por el regreso del torneo local, <strong>Independiente conform\u00f3 un Selectivo de Apoyo<\/strong> para el primer equipo formado por varios futbolistas de <strong>Reserva<\/strong> y de <strong>Inferiores<\/strong>, que servir\u00e1 de apoyo para el elenco dirigido por <strong>Lucas Pusineri<\/strong>.<\/p>\n<p>El conjunto, que es dirigido por <strong>Fernando Ber\u00f3n<\/strong>, <strong>Claudio Gonz\u00e1lez<\/strong> y <strong>V\u00edctor Brunetto<\/strong>, est\u00e1 compuesto por <strong>24 jugadores<\/strong>, se entrena en el predio de <strong>Villa Dom\u00ednico<\/strong> y ser\u00e1 de utilidad para amistosos (siempre y cuando el protocolo lo permita).<\/p>\n<p>Y, seguramente, varios de ellos conformen la lista de buena fe de la Copa Sudamericana <strong>(CONMEBOL extendi\u00f3 a 40 el cupo)<\/strong>.<\/p>\n<p><strong>A continuaci\u00f3n, el listado completo de los futbolistas<\/strong>:<\/p>\n<ul>\n<li><strong>Arqueros:<\/strong> Diego Segovia y <a href=\"https:\/\/www.youtube.com\/watch?v=Qtqtd1f8yiA\">Rodrigo Soria<\/a>.<\/li>\n<li><strong>Defensores:<\/strong> Mauro Zurita, Mart\u00edn Gonz\u00e1lez, Agust\u00edn Quiroga, Ayrton Costa, Leandro Barrera, Federico Rotela, Nehu\u00e9n Garc\u00eda y Facundo Velazco.<\/li>\n<li><strong>Mediocampistas:<\/strong> \u00c1ngel Genes, Ignacio Medina, Ezequiel Soriano, <a href=\"https:\/\/www.youtube.com\/watch?v=5ELqgp5Jjg4\">Tom\u00e1s Pozzo<\/a>, Juan Zarza y Fernando Da Rosa.<\/li>\n<li><strong>Delanteros:<\/strong> Agust\u00edn Lezcano, Rodrigo M\u00e1rquez, Juan Da Rosa, <a href=\"https:\/\/www.youtube.com\/watch?v=bfaL8u7-uGk\">Juan Freyre<\/a>, Luciano Villalva, David Sayago, Marco Landaburu y Franco Posse.<\/li>\n<\/ul>\n","protected":false},"excerpt":{"rendered":"<p>Mientras se espera por el regreso del torneo local, Independiente conform\u00f3 un Selectivo de Apoyo para el primer equipo formado por varios futbolistas de Reserva y de Inferiores, que servir\u00e1 de apoyo para el elenco dirigido por Lucas Pusineri. El conjunto, que es dirigido por Fernando Ber\u00f3n, Claudio Gonz\u00e1lez y V\u00edctor Brunetto, est\u00e1 compuesto por [&hellip;]<\/p>\n","protected":false},"author":101019,"featured_media":84180,"comment_status":"open","ping_status":"closed","sticky":false,"template":"","format":"standard","meta":{"_links_to":"","_links_to_target":""},"categories":[3247,141],"tags":[153,2862,3270],"_links":{"self":[{"href":"https:\/\/www.locoxelrojo.com\/independiente\/wp-json\/wp\/v2\/posts\/89620"}],"collection":[{"href":"https:\/\/www.locoxelrojo.com\/independiente\/wp-json\/wp\/v2\/posts"}],"about":[{"href":"https:\/\/www.locoxelrojo.com\/independiente\/wp-json\/wp\/v2\/types\/post"}],"author":[{"embeddable":true,"href":"https:\/\/www.locoxelrojo.com\/independiente\/wp-json\/wp\/v2\/users\/101019"}],"replies":[{"embeddable":true,"href":"https:\/\/www.locoxelrojo.com\/independiente\/wp-json\/wp\/v2\/comments?post=89620"}],"version-history":[{"count":1,"href":"https:\/\/www.locoxelrojo.com\/independiente\/wp-json\/wp\/v2\/posts\/89620\/revisions"}],"predecessor-version":[{"id":89621,"href":"https:\/\/www.locoxelrojo.com\/independiente\/wp-json\/wp\/v2\/posts\/89620\/revisions\/89621"}],"wp:featuredmedia":[{"embeddable":true,"href":"https:\/\/www.locoxelrojo.com\/independiente\/wp-json\/wp\/v2\/media\/84180"}],"wp:attachment":[{"href":"https:\/\/www.locoxelrojo.com\/independiente\/wp-json\/wp\/v2\/media?parent=89620"}],"wp:term":[{"taxonomy":"category","embeddable":true,"href":"https:\/\/www.locoxelrojo.com\/independiente\/wp-json\/wp\/v2\/categories?post=89620"},{"taxonomy":"post_tag","embeddable":true,"href":"https:\/\/www.locoxelrojo.com\/independiente\/wp-json\/wp\/v2\/tags?post=89620"}],"curies":[{"name":"wp","href":"https:\/\/api.w.org\/{rel}","templated":true}]}}