{"id":89624,"date":"2020-09-08T12:12:09","date_gmt":"2020-09-08T15:12:09","guid":{"rendered":"http:\/\/www.locoxelrojo.com\/independiente\/?p=89624"},"modified":"2020-09-08T12:12:09","modified_gmt":"2020-09-08T15:12:09","slug":"alan-franco-otro-caso-de-covid-19-positivo","status":"publish","type":"post","link":"https:\/\/www.locoxelrojo.com\/independiente\/2020\/09\/08\/alan-franco-otro-caso-de-covid-19-positivo\/","title":{"rendered":"Alan Franco, otro caso de Covid-19 positivo"},"content":{"rendered":"<p><strong>Apareci\u00f3 un nuevo caso positivo de Covid-19 en Independiente.<\/strong><\/p>\n<p>Este martes el mundo Independiente amaneci\u00f3 con una mala noticia: un nuevo caso de Coronavirus en el plantel. <strong>Se trata de Alan Franco, quien no presenta s\u00edntomas.<\/strong><\/p>\n<p><strong>A ra\u00edz de un contacto estrecho con un familiar sintom\u00e1tico<\/strong>, el defensor se realiz\u00f3 los estudios correspondientes arrojando resultado positivo. Por eso, <strong>no formar\u00e1 parte de los entrenamientos y permanecer\u00e1 aislado durante los pr\u00f3ximos 10 d\u00edas.<\/strong><\/p>\n<blockquote class=\"twitter-tweet\" data-width=\"550\" data-dnt=\"true\">\n<p lang=\"es\" dir=\"ltr\">Independiente comienza una nueva jornada de entrenamiento en Villa Dom\u00ednico.<\/p>\n<p>A ra\u00edz de un contacto estrecho con un familiar sintom\u00e1tico, Alan Franco se realiz\u00f3 un hisopado PCR y dio positivo a Covid-19. Se encuentra sin s\u00edntomas y cumpliendo el aislamiento. <a href=\"https:\/\/t.co\/a70olBUJWM\">pic.twitter.com\/a70olBUJWM<\/a><\/p>\n<p>&mdash; C. A. Independiente (@Independiente) <a href=\"https:\/\/twitter.com\/Independiente\/status\/1303314457792258048?ref_src=twsrc%5Etfw\">September 8, 2020<\/a><\/p><\/blockquote>\n<p><script async src=\"https:\/\/platform.twitter.com\/widgets.js\" charset=\"utf-8\"><\/script><\/p>\n<p><strong>Franco es el primer futbolista del plantel profesional en contagiarse el virus<\/strong>, ya que los otros casos se dieron en jugadores que entrenaban bajo la \u00f3rbita de Fernando Ber\u00f3n. <a href=\"https:\/\/www.locoxelrojo.com\/independiente\/2020\/09\/04\/hisopado-negativo-para-barreto\/\">Hay que recordar que Sergio Barreto, quien hab\u00eda dado positivo en un serol\u00f3gico, result\u00f3 negativo en el hisopado.<\/a> Por otra parte, <strong>Jorge Burruchaga ya super\u00f3 la enfermedad y retom\u00f3 con sus tareas habituales. <\/strong><\/p>\n","protected":false},"excerpt":{"rendered":"<p>Apareci\u00f3 un nuevo caso positivo de Covid-19 en Independiente. Este martes el mundo Independiente amaneci\u00f3 con una mala noticia: un nuevo caso de Coronavirus en el plantel. Se trata de Alan Franco, quien no presenta s\u00edntomas. A ra\u00edz de un contacto estrecho con un familiar sintom\u00e1tico, el defensor se realiz\u00f3 los estudios correspondientes arrojando resultado [&hellip;]<\/p>\n","protected":false},"author":1,"featured_media":89625,"comment_status":"open","ping_status":"closed","sticky":false,"template":"","format":"standard","meta":{"_links_to":"","_links_to_target":""},"categories":[3247,3],"tags":[3231,153,4512],"_links":{"self":[{"href":"https:\/\/www.locoxelrojo.com\/independiente\/wp-json\/wp\/v2\/posts\/89624"}],"collection":[{"href":"https:\/\/www.locoxelrojo.com\/independiente\/wp-json\/wp\/v2\/posts"}],"about":[{"href":"https:\/\/www.locoxelrojo.com\/independiente\/wp-json\/wp\/v2\/types\/post"}],"author":[{"embeddable":true,"href":"https:\/\/www.locoxelrojo.com\/independiente\/wp-json\/wp\/v2\/users\/1"}],"replies":[{"embeddable":true,"href":"https:\/\/www.locoxelrojo.com\/independiente\/wp-json\/wp\/v2\/comments?post=89624"}],"version-history":[{"count":1,"href":"https:\/\/www.locoxelrojo.com\/independiente\/wp-json\/wp\/v2\/posts\/89624\/revisions"}],"predecessor-version":[{"id":89626,"href":"https:\/\/www.locoxelrojo.com\/independiente\/wp-json\/wp\/v2\/posts\/89624\/revisions\/89626"}],"wp:featuredmedia":[{"embeddable":true,"href":"https:\/\/www.locoxelrojo.com\/independiente\/wp-json\/wp\/v2\/media\/89625"}],"wp:attachment":[{"href":"https:\/\/www.locoxelrojo.com\/independiente\/wp-json\/wp\/v2\/media?parent=89624"}],"wp:term":[{"taxonomy":"category","embeddable":true,"href":"https:\/\/www.locoxelrojo.com\/independiente\/wp-json\/wp\/v2\/categories?post=89624"},{"taxonomy":"post_tag","embeddable":true,"href":"https:\/\/www.locoxelrojo.com\/independiente\/wp-json\/wp\/v2\/tags?post=89624"}],"curies":[{"name":"wp","href":"https:\/\/api.w.org\/{rel}","templated":true}]}}