{"id":89639,"date":"2020-09-08T18:41:51","date_gmt":"2020-09-08T21:41:51","guid":{"rendered":"http:\/\/www.locoxelrojo.com\/independiente\/?p=89639"},"modified":"2020-09-08T18:41:51","modified_gmt":"2020-09-08T21:41:51","slug":"una-cara-nueva-para-pusineri-en-villa-dominico","status":"publish","type":"post","link":"https:\/\/www.locoxelrojo.com\/independiente\/2020\/09\/08\/una-cara-nueva-para-pusineri-en-villa-dominico\/","title":{"rendered":"Una cara nueva para Pusineri en Villa Dom\u00ednico"},"content":{"rendered":"<p>El plantel de Independiente tuvo un nuevo d\u00eda de trabajo en Villa Dom\u00ednico. <strong>Ante <a href=\"https:\/\/www.locoxelrojo.com\/independiente\/2020\/09\/08\/alan-franco-otro-caso-de-covid-19-positivo\/\">el resultado de Covid-19 positivo de Alan Franco<\/a>, Lucas Pusineri subi\u00f3 a un juvenil del Selectivo.<\/strong><\/p>\n<p>La mala noticia del d\u00eda para el t\u00e9cnico de Independiente fue la baja de Franco.<strong> El defensor se contagi\u00f3 el Coronavirus y estar\u00e1 aislado y ausente de las pr\u00e1cticas por los pr\u00f3ximos 10 d\u00edas<\/strong>. Por eso, <a href=\"https:\/\/www.locoxelrojo.com\/independiente\/2020\/09\/07\/los-chicos-de-apoyo-para-la-primera\/\">Pusineri decidi\u00f3 recurrir a uno de los chicos del Selectivo que arm\u00f3 Fernando Ber\u00f3n.<\/a><\/p>\n<p><strong>Se trata de Mauro Zurita, marcador central<\/strong>, quien a partir de ahora tendr\u00e1 la chance de mostrarse y ganarse un lugar en el plantel. <strong>Los jugadores, divididos en dos grupos, uno en cada turno, realizaron circuitos de fuerza y diversos trabajos t\u00e1cticos.<\/strong><\/p>\n","protected":false},"excerpt":{"rendered":"<p>El plantel de Independiente tuvo un nuevo d\u00eda de trabajo en Villa Dom\u00ednico. Ante el resultado de Covid-19 positivo de Alan Franco, Lucas Pusineri subi\u00f3 a un juvenil del Selectivo. La mala noticia del d\u00eda para el t\u00e9cnico de Independiente fue la baja de Franco. El defensor se contagi\u00f3 el Coronavirus y estar\u00e1 aislado y [&hellip;]<\/p>\n","protected":false},"author":1,"featured_media":89640,"comment_status":"open","ping_status":"closed","sticky":false,"template":"","format":"standard","meta":{"_links_to":"","_links_to_target":""},"categories":[3247,3],"tags":[153,26,145,4234,172],"_links":{"self":[{"href":"https:\/\/www.locoxelrojo.com\/independiente\/wp-json\/wp\/v2\/posts\/89639"}],"collection":[{"href":"https:\/\/www.locoxelrojo.com\/independiente\/wp-json\/wp\/v2\/posts"}],"about":[{"href":"https:\/\/www.locoxelrojo.com\/independiente\/wp-json\/wp\/v2\/types\/post"}],"author":[{"embeddable":true,"href":"https:\/\/www.locoxelrojo.com\/independiente\/wp-json\/wp\/v2\/users\/1"}],"replies":[{"embeddable":true,"href":"https:\/\/www.locoxelrojo.com\/independiente\/wp-json\/wp\/v2\/comments?post=89639"}],"version-history":[{"count":1,"href":"https:\/\/www.locoxelrojo.com\/independiente\/wp-json\/wp\/v2\/posts\/89639\/revisions"}],"predecessor-version":[{"id":89641,"href":"https:\/\/www.locoxelrojo.com\/independiente\/wp-json\/wp\/v2\/posts\/89639\/revisions\/89641"}],"wp:featuredmedia":[{"embeddable":true,"href":"https:\/\/www.locoxelrojo.com\/independiente\/wp-json\/wp\/v2\/media\/89640"}],"wp:attachment":[{"href":"https:\/\/www.locoxelrojo.com\/independiente\/wp-json\/wp\/v2\/media?parent=89639"}],"wp:term":[{"taxonomy":"category","embeddable":true,"href":"https:\/\/www.locoxelrojo.com\/independiente\/wp-json\/wp\/v2\/categories?post=89639"},{"taxonomy":"post_tag","embeddable":true,"href":"https:\/\/www.locoxelrojo.com\/independiente\/wp-json\/wp\/v2\/tags?post=89639"}],"curies":[{"name":"wp","href":"https:\/\/api.w.org\/{rel}","templated":true}]}}