{"id":89704,"date":"2020-09-13T17:22:47","date_gmt":"2020-09-13T20:22:47","guid":{"rendered":"http:\/\/www.locoxelrojo.com\/independiente\/?p=89704"},"modified":"2020-09-13T18:24:04","modified_gmt":"2020-09-13T21:24:04","slug":"se-movio-rapido-y-acordo-a-otro-refuerzo","status":"publish","type":"post","link":"https:\/\/www.locoxelrojo.com\/independiente\/2020\/09\/13\/se-movio-rapido-y-acordo-a-otro-refuerzo\/","title":{"rendered":"Se movi\u00f3 r\u00e1pido y acord\u00f3 a otro refuerzo"},"content":{"rendered":"<p><strong>Independiente se movi\u00f3 r\u00e1pido y acord\u00f3 la llegada de Federico Mart\u00ednez, extremo de Rosario Central cuyo pase pertenece al Liverpool de Uruguay.<\/strong><\/p>\n<p>El delantero de 24 a\u00f1os hab\u00eda llegado al Canalla a principios de 2020 y s\u00f3lo pudo jugar dos partidos. El club rosarino manten\u00eda un conflicto con los uruguayos porque nunca hab\u00eda pagado los 750.000 d\u00f3lares acordados por su pase.<\/p>\n<p>A pesar del poco rodaje en Central, Jorge Burruchaga y Lucas Pusineri recibieron buenas referencias del futbolista, que se luci\u00f3 en el f\u00fatbol uruguayo.\u00a0Fue as\u00ed como <strong>el Rojo decidi\u00f3 meterse en la negociaci\u00f3n y tent\u00f3 al Liverpool para adquirir la ficha de Mart\u00ednez<\/strong>.<\/p>\n<p>En las \u00faltimas horas hubo acuerdo entre clubes y la operaci\u00f3n ser\u00e1 de la siguiente manera: <strong>Independiente le comprar\u00e1 a los uruguayos el 30% de la ficha del delantero en 800.000 d\u00f3lares<\/strong> a pagar en tres cuotas, el jugador firmar\u00e1 contrato hasta<strong> junio de 2023<\/strong> y el Rey de Copas tendr\u00e1 una opci\u00f3n de compra del 20% de la ficha del delantero por 550.000 d\u00f3lares m\u00e1s.<\/p>\n<p>Federico Mart\u00ednez es diestro y tuvo un gran paso por Liverpool de Uruguay. En la temporada 2019<strong> jug\u00f3 39 encuentros y convirti\u00f3 12 goles<\/strong>, mientras que en el 2018 estuvo presente en <strong>31 partidos y marc\u00f3 12 tantos<\/strong>. Bastante efectividad para un extremo. De no mediar inconvenientes, esta semana se convertir\u00e1 en refuerzo de Independiente junto con Ezequiel Mu\u00f1oz y Marcos D\u00edaz.<\/p>\n","protected":false},"excerpt":{"rendered":"<p>Independiente se movi\u00f3 r\u00e1pido y acord\u00f3 la llegada de Federico Mart\u00ednez, extremo de Rosario Central cuyo pase pertenece al Liverpool de Uruguay. El delantero de 24 a\u00f1os hab\u00eda llegado al Canalla a principios de 2020 y s\u00f3lo pudo jugar dos partidos. El club rosarino manten\u00eda un conflicto con los uruguayos porque nunca hab\u00eda pagado los [&hellip;]<\/p>\n","protected":false},"author":8,"featured_media":89705,"comment_status":"open","ping_status":"closed","sticky":false,"template":"","format":"standard","meta":{"_links_to":"","_links_to_target":""},"categories":[3280,3247],"tags":[153,4650,3576,1665,507],"_links":{"self":[{"href":"https:\/\/www.locoxelrojo.com\/independiente\/wp-json\/wp\/v2\/posts\/89704"}],"collection":[{"href":"https:\/\/www.locoxelrojo.com\/independiente\/wp-json\/wp\/v2\/posts"}],"about":[{"href":"https:\/\/www.locoxelrojo.com\/independiente\/wp-json\/wp\/v2\/types\/post"}],"author":[{"embeddable":true,"href":"https:\/\/www.locoxelrojo.com\/independiente\/wp-json\/wp\/v2\/users\/8"}],"replies":[{"embeddable":true,"href":"https:\/\/www.locoxelrojo.com\/independiente\/wp-json\/wp\/v2\/comments?post=89704"}],"version-history":[{"count":2,"href":"https:\/\/www.locoxelrojo.com\/independiente\/wp-json\/wp\/v2\/posts\/89704\/revisions"}],"predecessor-version":[{"id":89707,"href":"https:\/\/www.locoxelrojo.com\/independiente\/wp-json\/wp\/v2\/posts\/89704\/revisions\/89707"}],"wp:featuredmedia":[{"embeddable":true,"href":"https:\/\/www.locoxelrojo.com\/independiente\/wp-json\/wp\/v2\/media\/89705"}],"wp:attachment":[{"href":"https:\/\/www.locoxelrojo.com\/independiente\/wp-json\/wp\/v2\/media?parent=89704"}],"wp:term":[{"taxonomy":"category","embeddable":true,"href":"https:\/\/www.locoxelrojo.com\/independiente\/wp-json\/wp\/v2\/categories?post=89704"},{"taxonomy":"post_tag","embeddable":true,"href":"https:\/\/www.locoxelrojo.com\/independiente\/wp-json\/wp\/v2\/tags?post=89704"}],"curies":[{"name":"wp","href":"https:\/\/api.w.org\/{rel}","templated":true}]}}