{"id":89752,"date":"2020-09-16T16:04:46","date_gmt":"2020-09-16T19:04:46","guid":{"rendered":"http:\/\/www.locoxelrojo.com\/independiente\/?p=89752"},"modified":"2020-09-16T16:04:46","modified_gmt":"2020-09-16T19:04:46","slug":"el-representante-de-marcos-diaz-conto-como-esta-la-negociacion","status":"publish","type":"post","link":"https:\/\/www.locoxelrojo.com\/independiente\/2020\/09\/16\/el-representante-de-marcos-diaz-conto-como-esta-la-negociacion\/","title":{"rendered":"El representante de Marcos D\u00edaz cont\u00f3 c\u00f3mo est\u00e1 la negociaci\u00f3n"},"content":{"rendered":"<p><strong>Juan Cruz Oller cont\u00f3 detalles sobre la negociaci\u00f3n entre Independiente y Marcos D\u00edaz.<\/strong> No le cerr\u00f3 la puerta a una llegada, pero advirti\u00f3 que hoy en d\u00eda es complicado su arribo.<\/p>\n<p><strong>&#8220;Marcos D\u00edaz est\u00e1 en Espa\u00f1a, entrenando con un club. Quedan tres semanas de mercado y es casi seguro que se quedar\u00e1 en Europa&#8221;<\/strong>, expres\u00f3 en di\u00e1logo con \u00bfC\u00f3mo te va?<\/p>\n<p>\u00bfEn qu\u00e9 quedaron las charlas con Independiente? Ante esto, dijo: <strong>\u201cNosotros nunca lo descartamos. Hay una diferencia muy grande entre lo que pretende pagar Independiente y lo que quiere ganar el jugador. Eso nos llev\u00f3 a que se diluyera r\u00e1pidamente&#8221;<\/strong>. Y agreg\u00f3: <strong>&#8220;Quiz\u00e1s si Independiente llama otra vez y hay un acercamiento, lo ver\u00edamos. Nunca te pod\u00e9s dar el lujo de descartar al Rojo&#8221;<\/strong>.<\/p>\n<p><a href=\"https:\/\/www.locoxelrojo.com\/independiente\/2020\/09\/15\/lo-quiere-a-sosa\/\">La preferencia de Lucas Pusineri para ocupar el arco se llama Sebasti\u00e1n Sosa<\/a>. El propio DT se plant\u00f3 ante los dirigentes y les pidi\u00f3 por su llegada. <strong>&#8220;Estaba dif\u00edcil la postura de Independiente, que es entendible y respetable. Adem\u00e1s, \u00bfIndependiente no cerr\u00f3 a Sebasti\u00e1n Sosa? No s\u00e9 qu\u00e9 pueda responder Marcos D\u00edaz al saber que el entrenador eligi\u00f3 a Sosa. En el accionar y el di\u00e1logo Pusineri es muy serio, se maneja como los entrenadores de antes&#8221;<\/strong>, cerr\u00f3.<\/p>\n","protected":false},"excerpt":{"rendered":"<p>Juan Cruz Oller cont\u00f3 detalles sobre la negociaci\u00f3n entre Independiente y Marcos D\u00edaz. No le cerr\u00f3 la puerta a una llegada, pero advirti\u00f3 que hoy en d\u00eda es complicado su arribo. &#8220;Marcos D\u00edaz est\u00e1 en Espa\u00f1a, entrenando con un club. Quedan tres semanas de mercado y es casi seguro que se quedar\u00e1 en Europa&#8221;, expres\u00f3 [&hellip;]<\/p>\n","protected":false},"author":1,"featured_media":89753,"comment_status":"open","ping_status":"closed","sticky":false,"template":"","format":"standard","meta":{"_links_to":"","_links_to_target":""},"categories":[3280,3247],"tags":[153,2882,4644],"_links":{"self":[{"href":"https:\/\/www.locoxelrojo.com\/independiente\/wp-json\/wp\/v2\/posts\/89752"}],"collection":[{"href":"https:\/\/www.locoxelrojo.com\/independiente\/wp-json\/wp\/v2\/posts"}],"about":[{"href":"https:\/\/www.locoxelrojo.com\/independiente\/wp-json\/wp\/v2\/types\/post"}],"author":[{"embeddable":true,"href":"https:\/\/www.locoxelrojo.com\/independiente\/wp-json\/wp\/v2\/users\/1"}],"replies":[{"embeddable":true,"href":"https:\/\/www.locoxelrojo.com\/independiente\/wp-json\/wp\/v2\/comments?post=89752"}],"version-history":[{"count":1,"href":"https:\/\/www.locoxelrojo.com\/independiente\/wp-json\/wp\/v2\/posts\/89752\/revisions"}],"predecessor-version":[{"id":89754,"href":"https:\/\/www.locoxelrojo.com\/independiente\/wp-json\/wp\/v2\/posts\/89752\/revisions\/89754"}],"wp:featuredmedia":[{"embeddable":true,"href":"https:\/\/www.locoxelrojo.com\/independiente\/wp-json\/wp\/v2\/media\/89753"}],"wp:attachment":[{"href":"https:\/\/www.locoxelrojo.com\/independiente\/wp-json\/wp\/v2\/media?parent=89752"}],"wp:term":[{"taxonomy":"category","embeddable":true,"href":"https:\/\/www.locoxelrojo.com\/independiente\/wp-json\/wp\/v2\/categories?post=89752"},{"taxonomy":"post_tag","embeddable":true,"href":"https:\/\/www.locoxelrojo.com\/independiente\/wp-json\/wp\/v2\/tags?post=89752"}],"curies":[{"name":"wp","href":"https:\/\/api.w.org\/{rel}","templated":true}]}}