{"id":89770,"date":"2020-09-17T11:41:44","date_gmt":"2020-09-17T14:41:44","guid":{"rendered":"http:\/\/www.locoxelrojo.com\/independiente\/?p=89770"},"modified":"2020-09-17T13:37:01","modified_gmt":"2020-09-17T16:37:01","slug":"sosa-estoy-orgulloso-de-ser-nombrado-como-posible-refuerzo","status":"publish","type":"post","link":"https:\/\/www.locoxelrojo.com\/independiente\/2020\/09\/17\/sosa-estoy-orgulloso-de-ser-nombrado-como-posible-refuerzo\/","title":{"rendered":"Sosa: &#8220;Estoy orgulloso de ser nombrado como posible refuerzo&#8221;"},"content":{"rendered":"<p>Uno de los apuntados para reforzar el lugar que dej\u00f3 vacante Mart\u00edn Campa\u00f1a es <strong>Sebasti\u00e1n Sosa<\/strong>, quien hoy se encuentra en <strong>Mazatl\u00e1n<\/strong> de M\u00e9xico. El uruguayo fue consultado por el inter\u00e9s de Independiente y no ocult\u00f3 su felicidad por ello.<\/p>\n<p>En di\u00e1logo con TUDNMEX, el arquero expres\u00f3: <strong>&#8220;Estoy orgulloso y feliz de ser nombrado como posible refuerzo y de que un t\u00e9cnico tan prestigioso como Lucas Pusineri me tenga en cuenta. Me pone muy contento&#8221;<\/strong>.<\/p>\n<p>Sin embargo aclar\u00f3 que actualmente tiene la cabeza puesta en el equipo mexicano: <strong>&#8220;Uno est\u00e1 hoy en d\u00eda en Mazatl\u00e1n y me debo 100% a mi club y a los objetivos que tenemos por delante, que hoy es Cruz Azul&#8221;<\/strong>.<\/p>\n<p>Y en la misma l\u00ednea, agreg\u00f3: <strong>&#8220;Siempre he sido un profesional y me he manejado de buena manera y ser\u00eda un desagradecido si me pongo a pensar en otras cuestiones&#8221;<\/strong>.<\/p>\n<p>M\u00e1s all\u00e1 de eso, a Sosa le interesar\u00eda regresar a la Argentina luego de sus pasos por Boca\u00a0 V\u00e9lez y Rosario Central aunque, por ahora, opt\u00f3 por no ir m\u00e1s all\u00e1. <strong>&#8220;Si esto se llegara a dar, quedar\u00edan muchos caminos por delante. Por lo pronto me debo a mis compa\u00f1eros&#8221;<\/strong>, sentenci\u00f3.<\/p>\n<p><iframe loading=\"lazy\" src=\"https:\/\/www.youtube.com\/embed\/v-Z5bougD7o\" width=\"560\" height=\"315\" frameborder=\"0\" allowfullscreen=\"allowfullscreen\"><\/iframe><\/p>\n","protected":false},"excerpt":{"rendered":"<p>Uno de los apuntados para reforzar el lugar que dej\u00f3 vacante Mart\u00edn Campa\u00f1a es Sebasti\u00e1n Sosa, quien hoy se encuentra en Mazatl\u00e1n de M\u00e9xico. El uruguayo fue consultado por el inter\u00e9s de Independiente y no ocult\u00f3 su felicidad por ello. En di\u00e1logo con TUDNMEX, el arquero expres\u00f3: &#8220;Estoy orgulloso y feliz de ser nombrado como [&hellip;]<\/p>\n","protected":false},"author":19,"featured_media":89774,"comment_status":"open","ping_status":"closed","sticky":false,"template":"","format":"standard","meta":{"_links_to":"","_links_to_target":""},"categories":[3280,3247],"tags":[153,145,4652,4645],"_links":{"self":[{"href":"https:\/\/www.locoxelrojo.com\/independiente\/wp-json\/wp\/v2\/posts\/89770"}],"collection":[{"href":"https:\/\/www.locoxelrojo.com\/independiente\/wp-json\/wp\/v2\/posts"}],"about":[{"href":"https:\/\/www.locoxelrojo.com\/independiente\/wp-json\/wp\/v2\/types\/post"}],"author":[{"embeddable":true,"href":"https:\/\/www.locoxelrojo.com\/independiente\/wp-json\/wp\/v2\/users\/19"}],"replies":[{"embeddable":true,"href":"https:\/\/www.locoxelrojo.com\/independiente\/wp-json\/wp\/v2\/comments?post=89770"}],"version-history":[{"count":2,"href":"https:\/\/www.locoxelrojo.com\/independiente\/wp-json\/wp\/v2\/posts\/89770\/revisions"}],"predecessor-version":[{"id":89773,"href":"https:\/\/www.locoxelrojo.com\/independiente\/wp-json\/wp\/v2\/posts\/89770\/revisions\/89773"}],"wp:featuredmedia":[{"embeddable":true,"href":"https:\/\/www.locoxelrojo.com\/independiente\/wp-json\/wp\/v2\/media\/89774"}],"wp:attachment":[{"href":"https:\/\/www.locoxelrojo.com\/independiente\/wp-json\/wp\/v2\/media?parent=89770"}],"wp:term":[{"taxonomy":"category","embeddable":true,"href":"https:\/\/www.locoxelrojo.com\/independiente\/wp-json\/wp\/v2\/categories?post=89770"},{"taxonomy":"post_tag","embeddable":true,"href":"https:\/\/www.locoxelrojo.com\/independiente\/wp-json\/wp\/v2\/tags?post=89770"}],"curies":[{"name":"wp","href":"https:\/\/api.w.org\/{rel}","templated":true}]}}