{"id":89809,"date":"2020-09-18T11:46:48","date_gmt":"2020-09-18T14:46:48","guid":{"rendered":"http:\/\/www.locoxelrojo.com\/independiente\/?p=89809"},"modified":"2020-09-18T11:46:48","modified_gmt":"2020-09-18T14:46:48","slug":"rojos-por-el-mundo-david-abraham-anuncio-su-retiro-a-fin-de-ano","status":"publish","type":"post","link":"https:\/\/www.locoxelrojo.com\/independiente\/2020\/09\/18\/rojos-por-el-mundo-david-abraham-anuncio-su-retiro-a-fin-de-ano\/","title":{"rendered":"Rojos por el Mundo: David Abraham anunci\u00f3 su retiro a fin de a\u00f1o"},"content":{"rendered":"<p><strong>David Abraham anunci\u00f3 su retiro para fin de a\u00f1o<\/strong>. Independiente so\u00f1aba con un regreso que no se podr\u00e1 dar.<\/p>\n<p>Entre tantos nombres, uno de los que circul\u00f3 en este mercado de pases fue el de Abraham. En su momento, el defensor del Frankfurt habl\u00f3 con Lucas Pusineri y le solicit\u00f3 esperar hasta diciembre que finalizaba el v\u00ednculo con el club alem\u00e1n. <strong>Cuando la vuelta al Rojo ya era un hecho a fin de a\u00f1o, sorpresivamente en las \u00faltimas horas anunci\u00f3 anticipadamente su retiro.<\/strong><\/p>\n<p><strong>&#8220;Ten\u00eda la intenci\u00f3n de retirarme en la Argentina, pero eso fue antes del COVID-19 y toda la crisis. Decid\u00ed quedarme aqu\u00ed seis meses m\u00e1s para ayudar a un club que siempre me ha dado todo. Tambi\u00e9n quer\u00eda darles tiempo para encontrar un nuevo defensor&#8221;<\/strong>, expres\u00f3. En cuanto a los motivos de su decisi\u00f3n, agreg\u00f3: <strong>&#8220;Quiero terminar en un alto nivel. Luego, me mudar\u00e9 a Argentina para disfrutar el tiempo con mi familia y con mi hijo que viven all\u00ed. No quiero terminar mi carrera en un nivel bajo, o en un lugar donde no pueda jugar. Prefiero terminar bien y esperar lo que viene&#8221;<\/strong>.<\/p>\n<p><strong>&#8220;Nunca so\u00f1\u00e9 con ser futbolista. Siempre me ha gustado el f\u00fatbol y quer\u00eda jugar, y s\u00ed, desde que era joven, mis padres y mis hermanos son fan\u00e1ticos del f\u00fatbol y me lo transmitieron. Despu\u00e9s de eso, quise jugar en la Primera Divisi\u00f3n de Argentina, tuve la oportunidad de jugar en Independiente, mi club y el de mi familia. Eso me enorgulleci\u00f3 mucho\u201d<\/strong>, cerr\u00f3 el central de 34 a\u00f1os, y que visti\u00f3 la camiseta del Rey de Copas en 39 partidos.<\/p>\n","protected":false},"excerpt":{"rendered":"<p>David Abraham anunci\u00f3 su retiro para fin de a\u00f1o. Independiente so\u00f1aba con un regreso que no se podr\u00e1 dar. Entre tantos nombres, uno de los que circul\u00f3 en este mercado de pases fue el de Abraham. En su momento, el defensor del Frankfurt habl\u00f3 con Lucas Pusineri y le solicit\u00f3 esperar hasta diciembre que finalizaba [&hellip;]<\/p>\n","protected":false},"author":1,"featured_media":89810,"comment_status":"open","ping_status":"closed","sticky":false,"template":"","format":"standard","meta":{"_links_to":"","_links_to_target":""},"categories":[2043,3247],"tags":[153,2045,3892,3277],"_links":{"self":[{"href":"https:\/\/www.locoxelrojo.com\/independiente\/wp-json\/wp\/v2\/posts\/89809"}],"collection":[{"href":"https:\/\/www.locoxelrojo.com\/independiente\/wp-json\/wp\/v2\/posts"}],"about":[{"href":"https:\/\/www.locoxelrojo.com\/independiente\/wp-json\/wp\/v2\/types\/post"}],"author":[{"embeddable":true,"href":"https:\/\/www.locoxelrojo.com\/independiente\/wp-json\/wp\/v2\/users\/1"}],"replies":[{"embeddable":true,"href":"https:\/\/www.locoxelrojo.com\/independiente\/wp-json\/wp\/v2\/comments?post=89809"}],"version-history":[{"count":1,"href":"https:\/\/www.locoxelrojo.com\/independiente\/wp-json\/wp\/v2\/posts\/89809\/revisions"}],"predecessor-version":[{"id":89811,"href":"https:\/\/www.locoxelrojo.com\/independiente\/wp-json\/wp\/v2\/posts\/89809\/revisions\/89811"}],"wp:featuredmedia":[{"embeddable":true,"href":"https:\/\/www.locoxelrojo.com\/independiente\/wp-json\/wp\/v2\/media\/89810"}],"wp:attachment":[{"href":"https:\/\/www.locoxelrojo.com\/independiente\/wp-json\/wp\/v2\/media?parent=89809"}],"wp:term":[{"taxonomy":"category","embeddable":true,"href":"https:\/\/www.locoxelrojo.com\/independiente\/wp-json\/wp\/v2\/categories?post=89809"},{"taxonomy":"post_tag","embeddable":true,"href":"https:\/\/www.locoxelrojo.com\/independiente\/wp-json\/wp\/v2\/tags?post=89809"}],"curies":[{"name":"wp","href":"https:\/\/api.w.org\/{rel}","templated":true}]}}