{"id":89865,"date":"2020-09-21T13:07:31","date_gmt":"2020-09-21T16:07:31","guid":{"rendered":"http:\/\/www.locoxelrojo.com\/independiente\/?p=89865"},"modified":"2020-09-21T13:07:31","modified_gmt":"2020-09-21T16:07:31","slug":"campana-demando-a-independiente","status":"publish","type":"post","link":"https:\/\/www.locoxelrojo.com\/independiente\/2020\/09\/21\/campana-demando-a-independiente\/","title":{"rendered":"Campa\u00f1a demand\u00f3 a Independiente"},"content":{"rendered":"<p>El uruguayo que desde hace un tiempo est\u00e1 en conflicto con los dirigentes y se considera jugador libre y hasta ya encontr\u00f3 un nuevo club en donde jugar, <strong>inici\u00f3 una demanda laboral reclamando la totalidad de su contrato.<\/strong><\/p>\n<p>El primer paso del arquero fue el <strong>9 de septiembre<\/strong>, cuando notific\u00f3 a la AFA la <strong>rescisi\u00f3n de su v\u00ednculo con la instituci\u00f3n, aclarando que no se le cancelaron las deudas en su totalidad.<\/strong><\/p>\n<p>Y, recientemente, fue al juzgado 1\u00b0 de Avellaneda e inici\u00f3 esta nueva medida judicial para apurar los tr\u00e1mites <strong>y finalizar de una vez por todas su relaci\u00f3n contractual y estar en libertad de acci\u00f3n.<\/strong><\/p>\n<p><strong>Aqu\u00ed la demanda:<\/strong><\/p>\n<p><a href=\"https:\/\/www.locoxelrojo.com\/independiente\/wp-content\/uploads\/2020\/09\/demanda-campa\u00f1a.jpg\"><img loading=\"lazy\" class=\"alignnone size-medium wp-image-89866\" src=\"https:\/\/www.locoxelrojo.com\/independiente\/wp-content\/uploads\/2020\/09\/demanda-campa\u00f1a-300x163.jpg\" alt=\"\" width=\"300\" height=\"163\" srcset=\"https:\/\/locoxelrojo.com\/independiente\/wp-content\/uploads\/2020\/09\/demanda-campa\u00f1a-300x163.jpg 300w, https:\/\/locoxelrojo.com\/independiente\/wp-content\/uploads\/2020\/09\/demanda-campa\u00f1a-1024x556.jpg 1024w, https:\/\/locoxelrojo.com\/independiente\/wp-content\/uploads\/2020\/09\/demanda-campa\u00f1a-768x417.jpg 768w, https:\/\/locoxelrojo.com\/independiente\/wp-content\/uploads\/2020\/09\/demanda-campa\u00f1a-696x378.jpg 696w, https:\/\/locoxelrojo.com\/independiente\/wp-content\/uploads\/2020\/09\/demanda-campa\u00f1a-1068x580.jpg 1068w, https:\/\/locoxelrojo.com\/independiente\/wp-content\/uploads\/2020\/09\/demanda-campa\u00f1a-773x420.jpg 773w, https:\/\/locoxelrojo.com\/independiente\/wp-content\/uploads\/2020\/09\/demanda-campa\u00f1a-128x70.jpg 128w, https:\/\/locoxelrojo.com\/independiente\/wp-content\/uploads\/2020\/09\/demanda-campa\u00f1a-32x17.jpg 32w, https:\/\/locoxelrojo.com\/independiente\/wp-content\/uploads\/2020\/09\/demanda-campa\u00f1a.jpg 1145w\" sizes=\"(max-width: 300px) 100vw, 300px\" \/><\/a><\/p>\n","protected":false},"excerpt":{"rendered":"<p>El uruguayo que desde hace un tiempo est\u00e1 en conflicto con los dirigentes y se considera jugador libre y hasta ya encontr\u00f3 un nuevo club en donde jugar, inici\u00f3 una demanda laboral reclamando la totalidad de su contrato. El primer paso del arquero fue el 9 de septiembre, cuando notific\u00f3 a la AFA la rescisi\u00f3n [&hellip;]<\/p>\n","protected":false},"author":101017,"featured_media":89867,"comment_status":"open","ping_status":"closed","sticky":false,"template":"","format":"standard","meta":{"_links_to":"","_links_to_target":""},"categories":[3280,3247],"tags":[153,2107,3126],"_links":{"self":[{"href":"https:\/\/www.locoxelrojo.com\/independiente\/wp-json\/wp\/v2\/posts\/89865"}],"collection":[{"href":"https:\/\/www.locoxelrojo.com\/independiente\/wp-json\/wp\/v2\/posts"}],"about":[{"href":"https:\/\/www.locoxelrojo.com\/independiente\/wp-json\/wp\/v2\/types\/post"}],"author":[{"embeddable":true,"href":"https:\/\/www.locoxelrojo.com\/independiente\/wp-json\/wp\/v2\/users\/101017"}],"replies":[{"embeddable":true,"href":"https:\/\/www.locoxelrojo.com\/independiente\/wp-json\/wp\/v2\/comments?post=89865"}],"version-history":[{"count":1,"href":"https:\/\/www.locoxelrojo.com\/independiente\/wp-json\/wp\/v2\/posts\/89865\/revisions"}],"predecessor-version":[{"id":89868,"href":"https:\/\/www.locoxelrojo.com\/independiente\/wp-json\/wp\/v2\/posts\/89865\/revisions\/89868"}],"wp:featuredmedia":[{"embeddable":true,"href":"https:\/\/www.locoxelrojo.com\/independiente\/wp-json\/wp\/v2\/media\/89867"}],"wp:attachment":[{"href":"https:\/\/www.locoxelrojo.com\/independiente\/wp-json\/wp\/v2\/media?parent=89865"}],"wp:term":[{"taxonomy":"category","embeddable":true,"href":"https:\/\/www.locoxelrojo.com\/independiente\/wp-json\/wp\/v2\/categories?post=89865"},{"taxonomy":"post_tag","embeddable":true,"href":"https:\/\/www.locoxelrojo.com\/independiente\/wp-json\/wp\/v2\/tags?post=89865"}],"curies":[{"name":"wp","href":"https:\/\/api.w.org\/{rel}","templated":true}]}}