{"id":89912,"date":"2020-09-22T16:11:49","date_gmt":"2020-09-22T19:11:49","guid":{"rendered":"http:\/\/www.locoxelrojo.com\/independiente\/?p=89912"},"modified":"2020-09-22T16:16:38","modified_gmt":"2020-09-22T19:16:38","slug":"el-representante-de-campana-apunto-hacia-los-dirigentes","status":"publish","type":"post","link":"https:\/\/www.locoxelrojo.com\/independiente\/2020\/09\/22\/el-representante-de-campana-apunto-hacia-los-dirigentes\/","title":{"rendered":"El representante de Campa\u00f1a apunt\u00f3 hacia los dirigentes"},"content":{"rendered":"<p><strong>Flavio Perchman, <\/strong>representante de Mart\u00edn Campa\u00f1a, tom\u00f3 la palabra y <strong>expres\u00f3 la situaci\u00f3n actual del arquero desde su perspectiva, disparando contra la dirigencia del Rojo.<\/strong><\/p>\n<p><strong>&#8220;Campa\u00f1a hizo un arreglo con la dirigencia y luego no le cumplieron. Muchos jugadores se fueron mal&#8221;<\/strong>, comenz\u00f3 diciendo el agente en di\u00e1logo con Jogo Bonito y agreg\u00f3: <strong>&#8220;Que se filtre la carta documento no fue un hecho fortuito y cay\u00f3 muy mal. Fueron pasando cosas que colmaron la paciencia. Los dirigentes se hicieron los vivos&#8221;.<\/strong><\/p>\n<p>Luego, con respecto a los posibles destinos del uruguayo, asegur\u00f3:<strong> &#8220;Campa\u00f1a recibi\u00f3 una oferta de un equipo \u00e1rabe y estar\u00eda todo acordado para que juegue 2 temporadas all\u00ed. Lo mejor para todos hubiese sido que se vaya a Pumas un a\u00f1o a pr\u00e9stamo y haya un respiro para todos. Tambi\u00e9n hubo una oferta en enero del Cruz Azul y no se pudo dar. Se dijeron muchas boludeces y quisieron inventar que fue por culpa m\u00eda&#8221;.<\/strong><\/p>\n<p>Para finalizar, acerca del conflicto judicial y la engorrosa salida de Campa\u00f1a, Perchman concluy\u00f3: <strong>&#8220;Mart\u00edn est\u00e1 bien asesorado por sus abogados y sab\u00eda que Independiente iba a pelear para cobrar algo. Los abogados est\u00e1n seguros que no tendr\u00e1 problema. Me hubiera gustado que Campa\u00f1a se vaya de otra manera, con consenso de todos lados y y\u00e9ndose bien del club&#8221;.<\/strong><\/p>\n","protected":false},"excerpt":{"rendered":"<p>Flavio Perchman, representante de Mart\u00edn Campa\u00f1a, tom\u00f3 la palabra y expres\u00f3 la situaci\u00f3n actual del arquero desde su perspectiva, disparando contra la dirigencia del Rojo. &#8220;Campa\u00f1a hizo un arreglo con la dirigencia y luego no le cumplieron. Muchos jugadores se fueron mal&#8221;, comenz\u00f3 diciendo el agente en di\u00e1logo con Jogo Bonito y agreg\u00f3: &#8220;Que se [&hellip;]<\/p>\n","protected":false},"author":101017,"featured_media":89914,"comment_status":"open","ping_status":"closed","sticky":false,"template":"","format":"standard","meta":{"_links_to":"","_links_to_target":""},"categories":[3280,3247],"tags":[153,3132,3126],"_links":{"self":[{"href":"https:\/\/www.locoxelrojo.com\/independiente\/wp-json\/wp\/v2\/posts\/89912"}],"collection":[{"href":"https:\/\/www.locoxelrojo.com\/independiente\/wp-json\/wp\/v2\/posts"}],"about":[{"href":"https:\/\/www.locoxelrojo.com\/independiente\/wp-json\/wp\/v2\/types\/post"}],"author":[{"embeddable":true,"href":"https:\/\/www.locoxelrojo.com\/independiente\/wp-json\/wp\/v2\/users\/101017"}],"replies":[{"embeddable":true,"href":"https:\/\/www.locoxelrojo.com\/independiente\/wp-json\/wp\/v2\/comments?post=89912"}],"version-history":[{"count":1,"href":"https:\/\/www.locoxelrojo.com\/independiente\/wp-json\/wp\/v2\/posts\/89912\/revisions"}],"predecessor-version":[{"id":89915,"href":"https:\/\/www.locoxelrojo.com\/independiente\/wp-json\/wp\/v2\/posts\/89912\/revisions\/89915"}],"wp:featuredmedia":[{"embeddable":true,"href":"https:\/\/www.locoxelrojo.com\/independiente\/wp-json\/wp\/v2\/media\/89914"}],"wp:attachment":[{"href":"https:\/\/www.locoxelrojo.com\/independiente\/wp-json\/wp\/v2\/media?parent=89912"}],"wp:term":[{"taxonomy":"category","embeddable":true,"href":"https:\/\/www.locoxelrojo.com\/independiente\/wp-json\/wp\/v2\/categories?post=89912"},{"taxonomy":"post_tag","embeddable":true,"href":"https:\/\/www.locoxelrojo.com\/independiente\/wp-json\/wp\/v2\/tags?post=89912"}],"curies":[{"name":"wp","href":"https:\/\/api.w.org\/{rel}","templated":true}]}}