{"id":89938,"date":"2020-09-23T17:38:40","date_gmt":"2020-09-23T20:38:40","guid":{"rendered":"http:\/\/www.locoxelrojo.com\/independiente\/?p=89938"},"modified":"2020-09-23T17:38:40","modified_gmt":"2020-09-23T20:38:40","slug":"hay-barreto-hasta-el-2023","status":"publish","type":"post","link":"https:\/\/www.locoxelrojo.com\/independiente\/2020\/09\/23\/hay-barreto-hasta-el-2023\/","title":{"rendered":"Hay Barreto hasta el 2023"},"content":{"rendered":"<p><strong>Sergio Barreto extendi\u00f3 su contrato con Independiente hasta el 2023.<\/strong><\/p>\n<p>En medio del rearmado del Plantel Profesional, una de las tareas pendientes es la <strong>actualizaci\u00f3n y mejoras de los contratos<\/strong>. Este mi\u00e9rcoles los dirigentes de Independiente continuaron con este trabajo y lo hicieron con el Checho Barreto y Thom\u00e1s Ortega.<\/p>\n<p><strong>Barreto, el central de 21 a\u00f1os, recibi\u00f3 una mejora salarial y estir\u00f3 su v\u00ednculo con el Rojo hasta diciembre de 2023.<\/strong> Adem\u00e1s, <strong>se fij\u00f3 una suba en la cl\u00e1usula de salida<\/strong>, que actualmente qued\u00f3 en <strong>20.000.000 de d\u00f3lares.<\/strong><\/p>\n<p><strong>Con 6 partidos con la camiseta de Independiente<\/strong>, el juvenil ser\u00e1 una de las alternativas para Lucas Pusineri en la zaga central.<\/p>\n","protected":false},"excerpt":{"rendered":"<p>Sergio Barreto extendi\u00f3 su contrato con Independiente hasta el 2023. En medio del rearmado del Plantel Profesional, una de las tareas pendientes es la actualizaci\u00f3n y mejoras de los contratos. Este mi\u00e9rcoles los dirigentes de Independiente continuaron con este trabajo y lo hicieron con el Checho Barreto y Thom\u00e1s Ortega. Barreto, el central de 21 [&hellip;]<\/p>\n","protected":false},"author":1,"featured_media":89939,"comment_status":"open","ping_status":"closed","sticky":false,"template":"","format":"standard","meta":{"_links_to":"","_links_to_target":""},"categories":[3247,3],"tags":[153,3696],"_links":{"self":[{"href":"https:\/\/www.locoxelrojo.com\/independiente\/wp-json\/wp\/v2\/posts\/89938"}],"collection":[{"href":"https:\/\/www.locoxelrojo.com\/independiente\/wp-json\/wp\/v2\/posts"}],"about":[{"href":"https:\/\/www.locoxelrojo.com\/independiente\/wp-json\/wp\/v2\/types\/post"}],"author":[{"embeddable":true,"href":"https:\/\/www.locoxelrojo.com\/independiente\/wp-json\/wp\/v2\/users\/1"}],"replies":[{"embeddable":true,"href":"https:\/\/www.locoxelrojo.com\/independiente\/wp-json\/wp\/v2\/comments?post=89938"}],"version-history":[{"count":1,"href":"https:\/\/www.locoxelrojo.com\/independiente\/wp-json\/wp\/v2\/posts\/89938\/revisions"}],"predecessor-version":[{"id":89940,"href":"https:\/\/www.locoxelrojo.com\/independiente\/wp-json\/wp\/v2\/posts\/89938\/revisions\/89940"}],"wp:featuredmedia":[{"embeddable":true,"href":"https:\/\/www.locoxelrojo.com\/independiente\/wp-json\/wp\/v2\/media\/89939"}],"wp:attachment":[{"href":"https:\/\/www.locoxelrojo.com\/independiente\/wp-json\/wp\/v2\/media?parent=89938"}],"wp:term":[{"taxonomy":"category","embeddable":true,"href":"https:\/\/www.locoxelrojo.com\/independiente\/wp-json\/wp\/v2\/categories?post=89938"},{"taxonomy":"post_tag","embeddable":true,"href":"https:\/\/www.locoxelrojo.com\/independiente\/wp-json\/wp\/v2\/tags?post=89938"}],"curies":[{"name":"wp","href":"https:\/\/api.w.org\/{rel}","templated":true}]}}