{"id":89958,"date":"2020-09-24T15:41:09","date_gmt":"2020-09-24T18:41:09","guid":{"rendered":"http:\/\/www.locoxelrojo.com\/independiente\/?p=89958"},"modified":"2020-09-24T15:49:33","modified_gmt":"2020-09-24T18:49:33","slug":"una-baja-para-pusineri","status":"publish","type":"post","link":"https:\/\/www.locoxelrojo.com\/independiente\/2020\/09\/24\/una-baja-para-pusineri\/","title":{"rendered":"Una baja para Pusineri"},"content":{"rendered":"<p>Independiente sum\u00f3 una nueva jornada de entrenamiento este jueves en el predio de Villa Dom\u00ednico y <strong>la mala noticia del d\u00eda fue que Juan Di Lorenzo tuvo una sobrecarga en el isquiotibial.<\/strong><\/p>\n<p>El cuerpo t\u00e9cnico dispuso un <strong>circuito de fuerza y coordinaci\u00f3n en el gimnasio<\/strong> para comenzar y luego pasaron al verde c\u00e9sped donde diagramaron <strong>rutas de conducci\u00f3n y pase.<\/strong> Por \u00faltimo, los futbolistas realizaron <strong>trabajos de definici\u00f3n.<\/strong><\/p>\n<p>De forma diferenciada se entren\u00f3 <strong>el defensor tras sufrir la molestia muscular junto a Gast\u00f3n Togni, que contin\u00faa su rehabilitaci\u00f3n deportiva.<\/strong><\/p>\n<p><strong>La pr\u00f3xima jornada de entrenamiento del Rojo ser\u00e1 el viernes a las 9.00 y 10.30 de la ma\u00f1ana<\/strong>, nuevamente en Villa Dom\u00ednico.<\/p>\n","protected":false},"excerpt":{"rendered":"<p>Independiente sum\u00f3 una nueva jornada de entrenamiento este jueves en el predio de Villa Dom\u00ednico y la mala noticia del d\u00eda fue que Juan Di Lorenzo tuvo una sobrecarga en el isquiotibial. El cuerpo t\u00e9cnico dispuso un circuito de fuerza y coordinaci\u00f3n en el gimnasio para comenzar y luego pasaron al verde c\u00e9sped donde diagramaron [&hellip;]<\/p>\n","protected":false},"author":101017,"featured_media":89961,"comment_status":"open","ping_status":"closed","sticky":false,"template":"","format":"standard","meta":{"_links_to":"","_links_to_target":""},"categories":[3247,3],"tags":[153,26,3180,172],"_links":{"self":[{"href":"https:\/\/www.locoxelrojo.com\/independiente\/wp-json\/wp\/v2\/posts\/89958"}],"collection":[{"href":"https:\/\/www.locoxelrojo.com\/independiente\/wp-json\/wp\/v2\/posts"}],"about":[{"href":"https:\/\/www.locoxelrojo.com\/independiente\/wp-json\/wp\/v2\/types\/post"}],"author":[{"embeddable":true,"href":"https:\/\/www.locoxelrojo.com\/independiente\/wp-json\/wp\/v2\/users\/101017"}],"replies":[{"embeddable":true,"href":"https:\/\/www.locoxelrojo.com\/independiente\/wp-json\/wp\/v2\/comments?post=89958"}],"version-history":[{"count":3,"href":"https:\/\/www.locoxelrojo.com\/independiente\/wp-json\/wp\/v2\/posts\/89958\/revisions"}],"predecessor-version":[{"id":89963,"href":"https:\/\/www.locoxelrojo.com\/independiente\/wp-json\/wp\/v2\/posts\/89958\/revisions\/89963"}],"wp:featuredmedia":[{"embeddable":true,"href":"https:\/\/www.locoxelrojo.com\/independiente\/wp-json\/wp\/v2\/media\/89961"}],"wp:attachment":[{"href":"https:\/\/www.locoxelrojo.com\/independiente\/wp-json\/wp\/v2\/media?parent=89958"}],"wp:term":[{"taxonomy":"category","embeddable":true,"href":"https:\/\/www.locoxelrojo.com\/independiente\/wp-json\/wp\/v2\/categories?post=89958"},{"taxonomy":"post_tag","embeddable":true,"href":"https:\/\/www.locoxelrojo.com\/independiente\/wp-json\/wp\/v2\/tags?post=89958"}],"curies":[{"name":"wp","href":"https:\/\/api.w.org\/{rel}","templated":true}]}}