{"id":90018,"date":"2020-09-26T16:10:40","date_gmt":"2020-09-26T19:10:40","guid":{"rendered":"http:\/\/www.locoxelrojo.com\/independiente\/?p=90018"},"modified":"2020-09-26T19:23:14","modified_gmt":"2020-09-26T22:23:14","slug":"p-moyano-aca-no-hay-division-estamos-unidos-con-burruchaga-y-pusineri","status":"publish","type":"post","link":"https:\/\/www.locoxelrojo.com\/independiente\/2020\/09\/26\/p-moyano-aca-no-hay-division-estamos-unidos-con-burruchaga-y-pusineri\/","title":{"rendered":"P. Moyano: &#8220;Ac\u00e1 no hay divisi\u00f3n, estamos unidos con Burruchaga y Pusineri&#8221;"},"content":{"rendered":"<p><strong>Pablo Moyano<\/strong> desminti\u00f3 desencuentros con Lucas Pusineri y Jorge Burruchaga por el armado del plantel de Independiente. Tambi\u00e9n cont\u00f3 c\u00f3mo van las negociaciones por los refuerzos.<\/p>\n<p><strong>&#8220;Con Pusineri habl\u00e9 anoche hasta las 10 de la noche. Ac\u00e1 no hay divisi\u00f3n y estamos todos unidos, Jorge, Lucas, y quienes estamos avocados al futbol. Lo importante son los hechos, el equipo est\u00e1 bien&#8221;<\/strong>, resalt\u00f3 el vicepresidente, descartando un cortocircuito con el entrenador y el m\u00e1nager por el mercado de pases.<\/p>\n<p>Respecto del armado del plantel, consider\u00f3 que <strong>&#8220;los jugadores que se ten\u00edan que ir se fueron y los que se ten\u00edan que quedar se quedaron&#8221;<\/strong>, y agreg\u00f3: <strong>&#8220;Las decisiones se tienen que tomar cuando se tienen que tomar, retener jugadores que no est\u00e1n c\u00f3modos en un lugar no tiene sentido. Por eso se llev\u00f3 a cabo la decisi\u00f3n de Jorge y Lucas de decidir qu\u00e9 jugadores se vayan a pr\u00e9stamo o del club&#8221;<\/strong>.<\/p>\n<p>Por otro lado, opin\u00f3 sobre la llegada del nuevo refuerzo: <strong>&#8220;Ezequiel Mu\u00f1oz era uno de los pedidos de Pusineri y Burruchaga. Despu\u00e9s de las negociaciones normales se acord\u00f3 y se firm\u00f3. Es un jugador de jerarqu\u00eda y experiencia&#8221;<\/strong>.<\/p>\n<p>\u00bfY las incorporaciones? Moyano adelant\u00f3 que en la semana se sumar\u00edan dos caras nuevas: <strong>&#8220;El jueves estar\u00eda llegando el arquero Sebasti\u00e1n Sosa por pedido del manager y del DT. Estar\u00eda firmando Lucas Rodr\u00edguez, el 3 que quedo libre de Tigre&#8221;<\/strong>.<\/p>\n","protected":false},"excerpt":{"rendered":"<p>Pablo Moyano desminti\u00f3 desencuentros con Lucas Pusineri y Jorge Burruchaga por el armado del plantel de Independiente. Tambi\u00e9n cont\u00f3 c\u00f3mo van las negociaciones por los refuerzos. &#8220;Con Pusineri habl\u00e9 anoche hasta las 10 de la noche. Ac\u00e1 no hay divisi\u00f3n y estamos todos unidos, Jorge, Lucas, y quienes estamos avocados al futbol. Lo importante son [&hellip;]<\/p>\n","protected":false},"author":8,"featured_media":86917,"comment_status":"open","ping_status":"closed","sticky":false,"template":"","format":"standard","meta":{"_links_to":"","_links_to_target":""},"categories":[3280,3247],"tags":[153,1580,145,439],"_links":{"self":[{"href":"https:\/\/www.locoxelrojo.com\/independiente\/wp-json\/wp\/v2\/posts\/90018"}],"collection":[{"href":"https:\/\/www.locoxelrojo.com\/independiente\/wp-json\/wp\/v2\/posts"}],"about":[{"href":"https:\/\/www.locoxelrojo.com\/independiente\/wp-json\/wp\/v2\/types\/post"}],"author":[{"embeddable":true,"href":"https:\/\/www.locoxelrojo.com\/independiente\/wp-json\/wp\/v2\/users\/8"}],"replies":[{"embeddable":true,"href":"https:\/\/www.locoxelrojo.com\/independiente\/wp-json\/wp\/v2\/comments?post=90018"}],"version-history":[{"count":4,"href":"https:\/\/www.locoxelrojo.com\/independiente\/wp-json\/wp\/v2\/posts\/90018\/revisions"}],"predecessor-version":[{"id":90022,"href":"https:\/\/www.locoxelrojo.com\/independiente\/wp-json\/wp\/v2\/posts\/90018\/revisions\/90022"}],"wp:featuredmedia":[{"embeddable":true,"href":"https:\/\/www.locoxelrojo.com\/independiente\/wp-json\/wp\/v2\/media\/86917"}],"wp:attachment":[{"href":"https:\/\/www.locoxelrojo.com\/independiente\/wp-json\/wp\/v2\/media?parent=90018"}],"wp:term":[{"taxonomy":"category","embeddable":true,"href":"https:\/\/www.locoxelrojo.com\/independiente\/wp-json\/wp\/v2\/categories?post=90018"},{"taxonomy":"post_tag","embeddable":true,"href":"https:\/\/www.locoxelrojo.com\/independiente\/wp-json\/wp\/v2\/tags?post=90018"}],"curies":[{"name":"wp","href":"https:\/\/api.w.org\/{rel}","templated":true}]}}