{"id":90082,"date":"2020-09-30T12:49:03","date_gmt":"2020-09-30T15:49:03","guid":{"rendered":"http:\/\/www.locoxelrojo.com\/independiente\/?p=90082"},"modified":"2020-09-30T15:09:25","modified_gmt":"2020-09-30T18:09:25","slug":"un-averiado-y-dos-regresos","status":"publish","type":"post","link":"https:\/\/www.locoxelrojo.com\/independiente\/2020\/09\/30\/un-averiado-y-dos-regresos\/","title":{"rendered":"Un averiado y dos regresos"},"content":{"rendered":"<p>El plantel de Independiente volvi\u00f3 a entrenarse este mi\u00e9rcoles por la ma\u00f1ana en el predio de Villa Dom\u00ednico con tres noticias destacadas: <strong>se lesion\u00f3 Pablo Hern\u00e1ndez<\/strong> <strong>y se reincorporaron dos jugadores que no eran tenidos en cuenta por Lucas Pusineri<\/strong>.<\/p>\n<p><strong>El Tucu<\/strong>, quien aprovech\u00f3 estos meses para ponerse a punto luego de la rotura de ligamento cruzado que tuvo hace un a\u00f1o, <strong>sufri\u00f3 una distensi\u00f3n en su aductor y es por eso que se entren\u00f3 de manera diferenciada<\/strong>.<\/p>\n<p><iframe loading=\"lazy\" src=\"https:\/\/www.youtube.com\/embed\/pTN8oqweK6U\" width=\"560\" height=\"315\" frameborder=\"0\" allowfullscreen=\"allowfullscreen\"><\/iframe><\/p>\n<p>En tanto que los dos viejos conocidos que retornaron al plantel profesional del Rey de Copas fueron <strong>Carlos Benav\u00eddez y Mauricio Del Castillo<\/strong>. Ellos dos realizaron, junto al resto de sus compa\u00f1eros, <strong>trabajos de coordinaci\u00f3n y velocidad y ejercicios t\u00e9cnicos-t\u00e1cticos<\/strong>.<\/p>\n<p>Por \u00faltimo, cabe remarcar que <strong>Ezequiel Mu\u00f1oz y Alan Franco realizaron la puesta a punto f\u00edsica integral<\/strong>.<\/p>\n<p>Ma\u00f1ana, en horario matutino, el Rojo retomar\u00e1 sus actividades en Villa Dom\u00ednico con la mente puesta <a href=\"https:\/\/www.locoxelrojo.com\/independiente\/2020\/09\/29\/amistoso-televisado\/\">en el amistoso del pr\u00f3ximo s\u00e1bado frente a Gimnasia La Plata, en el Libertadores de Am\u00e9rica<\/a>.<\/p>\n","protected":false},"excerpt":{"rendered":"<p>El plantel de Independiente volvi\u00f3 a entrenarse este mi\u00e9rcoles por la ma\u00f1ana en el predio de Villa Dom\u00ednico con tres noticias destacadas: se lesion\u00f3 Pablo Hern\u00e1ndez y se reincorporaron dos jugadores que no eran tenidos en cuenta por Lucas Pusineri. El Tucu, quien aprovech\u00f3 estos meses para ponerse a punto luego de la rotura de [&hellip;]<\/p>\n","protected":false},"author":19,"featured_media":89567,"comment_status":"open","ping_status":"closed","sticky":false,"template":"","format":"standard","meta":{"_links_to":"","_links_to_target":""},"categories":[3247,3],"tags":[3758,153,26,174,2106,1683],"_links":{"self":[{"href":"https:\/\/www.locoxelrojo.com\/independiente\/wp-json\/wp\/v2\/posts\/90082"}],"collection":[{"href":"https:\/\/www.locoxelrojo.com\/independiente\/wp-json\/wp\/v2\/posts"}],"about":[{"href":"https:\/\/www.locoxelrojo.com\/independiente\/wp-json\/wp\/v2\/types\/post"}],"author":[{"embeddable":true,"href":"https:\/\/www.locoxelrojo.com\/independiente\/wp-json\/wp\/v2\/users\/19"}],"replies":[{"embeddable":true,"href":"https:\/\/www.locoxelrojo.com\/independiente\/wp-json\/wp\/v2\/comments?post=90082"}],"version-history":[{"count":2,"href":"https:\/\/www.locoxelrojo.com\/independiente\/wp-json\/wp\/v2\/posts\/90082\/revisions"}],"predecessor-version":[{"id":90084,"href":"https:\/\/www.locoxelrojo.com\/independiente\/wp-json\/wp\/v2\/posts\/90082\/revisions\/90084"}],"wp:featuredmedia":[{"embeddable":true,"href":"https:\/\/www.locoxelrojo.com\/independiente\/wp-json\/wp\/v2\/media\/89567"}],"wp:attachment":[{"href":"https:\/\/www.locoxelrojo.com\/independiente\/wp-json\/wp\/v2\/media?parent=90082"}],"wp:term":[{"taxonomy":"category","embeddable":true,"href":"https:\/\/www.locoxelrojo.com\/independiente\/wp-json\/wp\/v2\/categories?post=90082"},{"taxonomy":"post_tag","embeddable":true,"href":"https:\/\/www.locoxelrojo.com\/independiente\/wp-json\/wp\/v2\/tags?post=90082"}],"curies":[{"name":"wp","href":"https:\/\/api.w.org\/{rel}","templated":true}]}}