{"id":90085,"date":"2020-09-30T09:21:07","date_gmt":"2020-09-30T12:21:07","guid":{"rendered":"http:\/\/www.locoxelrojo.com\/independiente\/?p=90085"},"modified":"2020-09-30T15:36:54","modified_gmt":"2020-09-30T18:36:54","slug":"salida-confirmada","status":"publish","type":"post","link":"https:\/\/www.locoxelrojo.com\/independiente\/2020\/09\/30\/salida-confirmada\/","title":{"rendered":"Salida confirmada"},"content":{"rendered":"<p><strong>Defensor Sporting confirm\u00f3 la llegada de Cristian Ch\u00e1vez hasta diciembre de 2021<\/strong>. De esta manera, el delantero se suma a la lista de futbolistas que dejaron Independiente en este inusual mercado de pases.<\/p>\n<p><strong>Lucas Pusineri ya hab\u00eda manifestado que su intenci\u00f3n no era contar con el ex San Lorenzo entre sus filas para la nueva temporada<\/strong>. Y si bien hubo marcha atr\u00e1s con algunos casos &#8211;<a href=\"https:\/\/www.locoxelrojo.com\/independiente\/2020\/09\/29\/benavidez-vuelve-con-el-plantel-independiente\/\">como pas\u00f3 con Carlos Benav\u00eddez<\/a>-, su postura con el Negro se mantuvo.<\/p>\n<p>Bajo este panorama apareci\u00f3 la posibilidad concreta de emigrar al f\u00fatbol uruguayo y en las \u00faltimas horas se hizo oficial.\u00a0<strong>&#8220;Defensor Sporting alcanz\u00f3 un acuerdo con el delantero Cristian Ch\u00e1vez para incorporar al delantero argentino al primer equipo Violeta&#8221;<\/strong>, asegur\u00f3 el club charr\u00faa.<\/p>\n<blockquote class=\"twitter-tweet\">\n<p dir=\"ltr\" lang=\"es\">&#x1f91d; Hay acuerdo entre Defensor Sporting y el delantero argentino Cristian Ch\u00e1vez.<\/p>\n<p>&#x2139;&#xfe0f; <a href=\"https:\/\/t.co\/zRwbI2Zqr8\">https:\/\/t.co\/zRwbI2Zqr8<\/a> <a href=\"https:\/\/t.co\/jM6BcvYD2G\">pic.twitter.com\/jM6BcvYD2G<\/a><\/p>\n<p>\u2014 Defensor Sporting (@DefensorSp) <a href=\"https:\/\/twitter.com\/DefensorSp\/status\/1311098488780984320?ref_src=twsrc%5Etfw\">September 30, 2020<\/a><\/p><\/blockquote>\n<p><script async src=\"https:\/\/platform.twitter.com\/widgets.js\" charset=\"utf-8\"><\/script><\/p>\n<p><strong>El atacante de 33 a\u00f1os se va a pr\u00e9stamo, sin cargo ni opci\u00f3n de compra hasta diciembre de 2021<\/strong>. \u00c9sta ser\u00e1 la segunda cesi\u00f3n luego de su paso que tuvo por Central C\u00f3rdoba de Santiago del Estero.<\/p>\n","protected":false},"excerpt":{"rendered":"<p>Defensor Sporting confirm\u00f3 la llegada de Cristian Ch\u00e1vez hasta diciembre de 2021. De esta manera, el delantero se suma a la lista de futbolistas que dejaron Independiente en este inusual mercado de pases. Lucas Pusineri ya hab\u00eda manifestado que su intenci\u00f3n no era contar con el ex San Lorenzo entre sus filas para la nueva [&hellip;]<\/p>\n","protected":false},"author":19,"featured_media":84260,"comment_status":"open","ping_status":"closed","sticky":false,"template":"","format":"standard","meta":{"_links_to":"","_links_to_target":""},"categories":[3247,3],"tags":[153,4313,164],"_links":{"self":[{"href":"https:\/\/www.locoxelrojo.com\/independiente\/wp-json\/wp\/v2\/posts\/90085"}],"collection":[{"href":"https:\/\/www.locoxelrojo.com\/independiente\/wp-json\/wp\/v2\/posts"}],"about":[{"href":"https:\/\/www.locoxelrojo.com\/independiente\/wp-json\/wp\/v2\/types\/post"}],"author":[{"embeddable":true,"href":"https:\/\/www.locoxelrojo.com\/independiente\/wp-json\/wp\/v2\/users\/19"}],"replies":[{"embeddable":true,"href":"https:\/\/www.locoxelrojo.com\/independiente\/wp-json\/wp\/v2\/comments?post=90085"}],"version-history":[{"count":1,"href":"https:\/\/www.locoxelrojo.com\/independiente\/wp-json\/wp\/v2\/posts\/90085\/revisions"}],"predecessor-version":[{"id":90086,"href":"https:\/\/www.locoxelrojo.com\/independiente\/wp-json\/wp\/v2\/posts\/90085\/revisions\/90086"}],"wp:featuredmedia":[{"embeddable":true,"href":"https:\/\/www.locoxelrojo.com\/independiente\/wp-json\/wp\/v2\/media\/84260"}],"wp:attachment":[{"href":"https:\/\/www.locoxelrojo.com\/independiente\/wp-json\/wp\/v2\/media?parent=90085"}],"wp:term":[{"taxonomy":"category","embeddable":true,"href":"https:\/\/www.locoxelrojo.com\/independiente\/wp-json\/wp\/v2\/categories?post=90085"},{"taxonomy":"post_tag","embeddable":true,"href":"https:\/\/www.locoxelrojo.com\/independiente\/wp-json\/wp\/v2\/tags?post=90085"}],"curies":[{"name":"wp","href":"https:\/\/api.w.org\/{rel}","templated":true}]}}