{"id":90109,"date":"2020-10-01T17:02:34","date_gmt":"2020-10-01T20:02:34","guid":{"rendered":"http:\/\/www.locoxelrojo.com\/independiente\/?p=90109"},"modified":"2020-10-01T18:36:41","modified_gmt":"2020-10-01T21:36:41","slug":"albertengo-se-fue-de-independiente","status":"publish","type":"post","link":"https:\/\/www.locoxelrojo.com\/independiente\/2020\/10\/01\/albertengo-se-fue-de-independiente\/","title":{"rendered":"Albertengo se fue de Independiente"},"content":{"rendered":"<p>Finalmente, <strong>Lucas Albertengo termin\u00f3 su contrato con Independiente.<\/strong> El delantero se queda con el pase en su poder y pasar\u00e1 a una peque\u00f1a deuda salarial que el club le debe en cuotas.<\/p>\n<p><strong>El Flaco, que no iba a ser tenido en cuenta por Lucas Pusineri, firm\u00f3 esta tarde su desvinculaci\u00f3n con el Rojo.<\/strong> El centro delantero lleg\u00f3 a la instituci\u00f3n en 2015 con Mauricio Pellegrino y se despide 5 a\u00f1os despu\u00e9s, con pr\u00e9stamos a Monterrey, Estudiantes y Newells de por medio.<\/p>\n<p><strong>El atacante surgido en Atl\u00e9tico Rafaela jug\u00f3 en total 63 partidos con el Rey de Copas y <a href=\"https:\/\/www.youtube.com\/watch?v=i1nQhiii8dU&amp;feature=youtu.be\">anot\u00f3 15 goles<\/a>. Conquist\u00f3 un t\u00edtulo, la Copa Sudamericana 2017, viendo acci\u00f3n en el Maracan\u00e1.<\/strong> Lamentablemente, las duras lesiones le perjudicaron en su mejor momento en el club.<\/p>\n<p><strong>\u00a1Hasta siempre Lucas, gracias por todo!<\/strong><\/p>\n<blockquote class=\"twitter-tweet\">\n<p dir=\"ltr\" lang=\"es\">Lucas Albertengo firm\u00f3 la rescisi\u00f3n de su contrato con <a href=\"https:\/\/twitter.com\/hashtag\/Independiente?src=hash&amp;ref_src=twsrc%5Etfw\">#Independiente<\/a>.<\/p>\n<p>\u00a1Gracias por estos m\u00e1s de 5 a\u00f1os, Flaco! \u00a1\u00c9xitos en lo que viene!<a href=\"https:\/\/twitter.com\/hashtag\/TodoRojo?src=hash&amp;ref_src=twsrc%5Etfw\">#TodoRojo<\/a> &#x1f534; <a href=\"https:\/\/t.co\/b1pNgfbIZF\">pic.twitter.com\/b1pNgfbIZF<\/a><\/p>\n<p>\u2014 C. A. Independiente (@Independiente) <a href=\"https:\/\/twitter.com\/Independiente\/status\/1311750396256440321?ref_src=twsrc%5Etfw\">October 1, 2020<\/a><\/p><\/blockquote>\n<p><script async src=\"https:\/\/platform.twitter.com\/widgets.js\" charset=\"utf-8\"><\/script><\/p>\n","protected":false},"excerpt":{"rendered":"<p>Finalmente, Lucas Albertengo termin\u00f3 su contrato con Independiente. El delantero se queda con el pase en su poder y pasar\u00e1 a una peque\u00f1a deuda salarial que el club le debe en cuotas. El Flaco, que no iba a ser tenido en cuenta por Lucas Pusineri, firm\u00f3 esta tarde su desvinculaci\u00f3n con el Rojo. El centro [&hellip;]<\/p>\n","protected":false},"author":101017,"featured_media":75411,"comment_status":"open","ping_status":"closed","sticky":false,"template":"","format":"standard","meta":{"_links_to":"","_links_to_target":""},"categories":[3280,3247],"tags":[153,2839],"_links":{"self":[{"href":"https:\/\/www.locoxelrojo.com\/independiente\/wp-json\/wp\/v2\/posts\/90109"}],"collection":[{"href":"https:\/\/www.locoxelrojo.com\/independiente\/wp-json\/wp\/v2\/posts"}],"about":[{"href":"https:\/\/www.locoxelrojo.com\/independiente\/wp-json\/wp\/v2\/types\/post"}],"author":[{"embeddable":true,"href":"https:\/\/www.locoxelrojo.com\/independiente\/wp-json\/wp\/v2\/users\/101017"}],"replies":[{"embeddable":true,"href":"https:\/\/www.locoxelrojo.com\/independiente\/wp-json\/wp\/v2\/comments?post=90109"}],"version-history":[{"count":2,"href":"https:\/\/www.locoxelrojo.com\/independiente\/wp-json\/wp\/v2\/posts\/90109\/revisions"}],"predecessor-version":[{"id":90115,"href":"https:\/\/www.locoxelrojo.com\/independiente\/wp-json\/wp\/v2\/posts\/90109\/revisions\/90115"}],"wp:featuredmedia":[{"embeddable":true,"href":"https:\/\/www.locoxelrojo.com\/independiente\/wp-json\/wp\/v2\/media\/75411"}],"wp:attachment":[{"href":"https:\/\/www.locoxelrojo.com\/independiente\/wp-json\/wp\/v2\/media?parent=90109"}],"wp:term":[{"taxonomy":"category","embeddable":true,"href":"https:\/\/www.locoxelrojo.com\/independiente\/wp-json\/wp\/v2\/categories?post=90109"},{"taxonomy":"post_tag","embeddable":true,"href":"https:\/\/www.locoxelrojo.com\/independiente\/wp-json\/wp\/v2\/tags?post=90109"}],"curies":[{"name":"wp","href":"https:\/\/api.w.org\/{rel}","templated":true}]}}