{"id":9013,"date":"2011-06-18T18:05:54","date_gmt":"2011-06-18T21:05:54","guid":{"rendered":"http:\/\/www.locoxelrojo.com.ar\/independiente\/?p=9013"},"modified":"2015-09-14T21:36:12","modified_gmt":"2015-09-15T00:36:12","slug":"velez-a-mi-no-me-trajeron-para-hacer-goles-sino-para-marcar","status":"publish","type":"post","link":"https:\/\/www.locoxelrojo.com\/independiente\/2011\/06\/18\/velez-a-mi-no-me-trajeron-para-hacer-goles-sino-para-marcar\/","title":{"rendered":"V\u00e9lez: &#8220;A m\u00ed no me trajeron para hacer goles, sino para marcar&#8221;"},"content":{"rendered":"<p><a href=\"http:\/\/www.locoxelrojo.com.ar\/independiente\/wp-content\/uploads\/2011\/06\/velez.jpg\"><img loading=\"lazy\" class=\"alignnone size-full wp-image-9032\" title=\"velez\" src=\"http:\/\/www.locoxelrojo.com.ar\/independiente\/wp-content\/uploads\/2011\/06\/velez.jpg\" alt=\"\" width=\"590\" height=\"315\" srcset=\"https:\/\/locoxelrojo.com\/independiente\/wp-content\/uploads\/2011\/06\/velez.jpg 590w, https:\/\/locoxelrojo.com\/independiente\/wp-content\/uploads\/2011\/06\/velez-300x160.jpg 300w\" sizes=\"(max-width: 590px) 100vw, 590px\" \/><\/a><\/p>\n<p>Iv\u00e1n V\u00e9lez dialog\u00f3 con la prensa luego del partido y destac\u00f3 el buen juego de Independiente. Igualmente, si bien asisti\u00f3 a Silvera a\u00fan sigue debiendo un gol.<strong> &#8220;Lo m\u00e1s importantes que se llega y se est\u00e1 en la posici\u00f3n. Gracias a Dios hoy defini\u00f3 el Cuqui. A mi no me trajeron para hacer goles sino para marcar y contribuir en el ataque cuando puedo&#8221;<\/strong>, advirti\u00f3 el colombiano que jugar\u00e1 aa Copa Am\u00e9rica para su pa\u00eds.<\/p>\n<p>&#8220;Si se puede tambi\u00e9n voy a asistir&#8221;, asegur\u00f3. Y luego ampli\u00f3: <strong>&#8220;hoy fue una asistencia, lo m\u00e1s importante fue que convertimos el gol&#8221;<\/strong>. A la hora de hacer un an\u00e1lisis del campeonato en cuanto a su rendimiento personal, V\u00e9lez agreg\u00f3:<strong> &#8220;estoy contento porque partido tras partido se vienen haciendo cosas muy importantes&#8221;<\/strong>. Igualmente, prometi\u00f3 pelearle la posici\u00f3n a Cabrera. <strong>&#8220;Voy a trabajar duro en la pretemporada y competir para mantener el puesto&#8221;<\/strong>, concluy\u00f3.<\/p>\n","protected":false},"excerpt":{"rendered":"<p>Iv\u00e1n V\u00e9lez dialog\u00f3 con la prensa luego del partido y destac\u00f3 el buen juego de Independiente. Igualmente, si bien asisti\u00f3 a Silvera a\u00fan sigue debiendo un gol. &#8220;Lo m\u00e1s importantes que se llega y se est\u00e1 en la posici\u00f3n. Gracias a Dios hoy defini\u00f3 el Cuqui. A mi no me trajeron para hacer goles sino [&hellip;]<\/p>\n","protected":false},"author":1,"featured_media":0,"comment_status":"open","ping_status":"open","sticky":false,"template":"","format":"standard","meta":{"_links_to":"","_links_to_target":""},"categories":[3,1],"tags":[395,153,310,412],"_links":{"self":[{"href":"https:\/\/www.locoxelrojo.com\/independiente\/wp-json\/wp\/v2\/posts\/9013"}],"collection":[{"href":"https:\/\/www.locoxelrojo.com\/independiente\/wp-json\/wp\/v2\/posts"}],"about":[{"href":"https:\/\/www.locoxelrojo.com\/independiente\/wp-json\/wp\/v2\/types\/post"}],"author":[{"embeddable":true,"href":"https:\/\/www.locoxelrojo.com\/independiente\/wp-json\/wp\/v2\/users\/1"}],"replies":[{"embeddable":true,"href":"https:\/\/www.locoxelrojo.com\/independiente\/wp-json\/wp\/v2\/comments?post=9013"}],"version-history":[{"count":0,"href":"https:\/\/www.locoxelrojo.com\/independiente\/wp-json\/wp\/v2\/posts\/9013\/revisions"}],"wp:attachment":[{"href":"https:\/\/www.locoxelrojo.com\/independiente\/wp-json\/wp\/v2\/media?parent=9013"}],"wp:term":[{"taxonomy":"category","embeddable":true,"href":"https:\/\/www.locoxelrojo.com\/independiente\/wp-json\/wp\/v2\/categories?post=9013"},{"taxonomy":"post_tag","embeddable":true,"href":"https:\/\/www.locoxelrojo.com\/independiente\/wp-json\/wp\/v2\/tags?post=9013"}],"curies":[{"name":"wp","href":"https:\/\/api.w.org\/{rel}","templated":true}]}}