{"id":90173,"date":"2020-10-05T16:48:18","date_gmt":"2020-10-05T19:48:18","guid":{"rendered":"http:\/\/www.locoxelrojo.com\/independiente\/?p=90173"},"modified":"2020-10-05T20:29:14","modified_gmt":"2020-10-05T23:29:14","slug":"el-chivo-le-dio-la-bienvenida","status":"publish","type":"post","link":"https:\/\/www.locoxelrojo.com\/independiente\/2020\/10\/05\/el-chivo-le-dio-la-bienvenida\/","title":{"rendered":"El Chivo le dio la bienvenida"},"content":{"rendered":"<p>Tal como sucedi\u00f3 con las incorporaciones que llegaron a Independiente durante este mercado de pases, el desembarco de <strong>Federico Mart\u00ednez<\/strong> tuvo una presentaci\u00f3n acorde a la de los otros tres refuerzos.<\/p>\n<p>Para esta ocasi\u00f3n <strong>fue Ricardo Pavoni el protagonista del video<\/strong>. El Chivo se present\u00f3 ante su compatriota con la humildad que lo caracteriza y le explic\u00f3 a qu\u00e9 club llega y cu\u00e1les son sus aspiraciones.<\/p>\n<p><strong>&#8220;S\u00e9 que vos no me conoces pero yo sigo tu trayectoria&#8221;<\/strong>, comenz\u00f3 con el mensaje la gloria del Rojo en el video. Y luego a\u00f1adi\u00f3: <strong>&#8220;Te aviso que vas a venir a una de las instituciones m\u00e1s importantes en el mundo, un equipo copero. Est\u00e1 respaldado por su gente y los jugadores uruguayos siempre le han dado muy buenos resultados&#8221;<\/strong>.<\/p>\n<blockquote class=\"twitter-tweet\">\n<p dir=\"ltr\" lang=\"es\">Che, Fede&#8230;<\/p>\n<p>\u00bfY SI TE MANDA UN MENSAJE EL CHIVO?<a href=\"https:\/\/twitter.com\/hashtag\/TodoRojo?src=hash&amp;ref_src=twsrc%5Etfw\">#TodoRojo<\/a> &#x1f534; <a href=\"https:\/\/t.co\/RDvmUXd7Zn\">pic.twitter.com\/RDvmUXd7Zn<\/a><\/p>\n<p>\u2014 C. A. Independiente (@Independiente) <a href=\"https:\/\/twitter.com\/Independiente\/status\/1313139643429400578?ref_src=twsrc%5Etfw\">October 5, 2020<\/a><\/p><\/blockquote>\n<p><script async src=\"https:\/\/platform.twitter.com\/widgets.js\" charset=\"utf-8\"><\/script><\/p>\n<p><strong>Se espera que por la tarde<\/strong>, el atacante de 24 a\u00f1os, procedente de Rosario Central, <strong>selle su v\u00ednculo con Independiente<\/strong>.<\/p>\n","protected":false},"excerpt":{"rendered":"<p>Tal como sucedi\u00f3 con las incorporaciones que llegaron a Independiente durante este mercado de pases, el desembarco de Federico Mart\u00ednez tuvo una presentaci\u00f3n acorde a la de los otros tres refuerzos. Para esta ocasi\u00f3n fue Ricardo Pavoni el protagonista del video. El Chivo se present\u00f3 ante su compatriota con la humildad que lo caracteriza y [&hellip;]<\/p>\n","protected":false},"author":19,"featured_media":90174,"comment_status":"open","ping_status":"closed","sticky":false,"template":"","format":"standard","meta":{"_links_to":"","_links_to_target":""},"categories":[3247,3],"tags":[153,4650,110],"_links":{"self":[{"href":"https:\/\/www.locoxelrojo.com\/independiente\/wp-json\/wp\/v2\/posts\/90173"}],"collection":[{"href":"https:\/\/www.locoxelrojo.com\/independiente\/wp-json\/wp\/v2\/posts"}],"about":[{"href":"https:\/\/www.locoxelrojo.com\/independiente\/wp-json\/wp\/v2\/types\/post"}],"author":[{"embeddable":true,"href":"https:\/\/www.locoxelrojo.com\/independiente\/wp-json\/wp\/v2\/users\/19"}],"replies":[{"embeddable":true,"href":"https:\/\/www.locoxelrojo.com\/independiente\/wp-json\/wp\/v2\/comments?post=90173"}],"version-history":[{"count":1,"href":"https:\/\/www.locoxelrojo.com\/independiente\/wp-json\/wp\/v2\/posts\/90173\/revisions"}],"predecessor-version":[{"id":90175,"href":"https:\/\/www.locoxelrojo.com\/independiente\/wp-json\/wp\/v2\/posts\/90173\/revisions\/90175"}],"wp:featuredmedia":[{"embeddable":true,"href":"https:\/\/www.locoxelrojo.com\/independiente\/wp-json\/wp\/v2\/media\/90174"}],"wp:attachment":[{"href":"https:\/\/www.locoxelrojo.com\/independiente\/wp-json\/wp\/v2\/media?parent=90173"}],"wp:term":[{"taxonomy":"category","embeddable":true,"href":"https:\/\/www.locoxelrojo.com\/independiente\/wp-json\/wp\/v2\/categories?post=90173"},{"taxonomy":"post_tag","embeddable":true,"href":"https:\/\/www.locoxelrojo.com\/independiente\/wp-json\/wp\/v2\/tags?post=90173"}],"curies":[{"name":"wp","href":"https:\/\/api.w.org\/{rel}","templated":true}]}}